{"id":259929,"date":"2022-08-01T22:56:37","date_gmt":"2022-08-01T19:56:37","guid":{"rendered":"http:\/\/107.6.182.27\/tr\/?p=259929"},"modified":"2022-08-03T09:22:58","modified_gmt":"2022-08-03T06:22:58","slug":"suriye-bircok-sehir-ve-koyun-saganak-yagislardan-etkilenmesinin-ardindan-iran-ile-dayanismasini-ifade-ediyor","status":"publish","type":"post","link":"https:\/\/archive.sana.sy\/tr\/?p=259929","title":{"rendered":"Suriye, Bir\u00e7ok \u015eehir Ve K\u00f6y\u00fcn Sa\u011fanak Ya\u011f\u0131\u015flardan Etkilenmesinin Ard\u0131ndan \u0130ran \u0130le Dayan\u0131\u015fmas\u0131n\u0131 \u0130fade Ediyor"},"content":{"rendered":"<p>\u015eAM \u2013 Suriye, bir\u00e7ok \u015fehir ve k\u00f6y\u00fcn \u015fiddetli sellere ve sellere maruz kalmas\u0131ndan sonra \u0130ran ile dayan\u0131\u015fmas\u0131n\u0131 teyit ederek, h\u00fck\u00fcmetinin ve halk\u0131n\u0131n bu ac\u0131 verici \u00e7ilenin \u00fcstesinden gelme yetene\u011fine g\u00fcvendi\u011fini ifade etti.<\/p>\n<p>D\u0131\u015fi\u015fleri ve Gurbet\u00e7iler Bakanl\u0131\u011f\u0131 yay\u0131nlad\u0131\u011f\u0131 beyanda, \u201cSuriye Arap Cumhuriyeti H\u00fck\u00fcmeti, bir\u00e7ok \u015fehir ve k\u00f6y\u00fc vuran, can ve mal kayb\u0131na yol a\u00e7an sa\u011fanak ya\u011fmur ve sel gibi talihsiz haberlerin ard\u0131ndan karde\u015f \u0130ran \u0130slam Cumhuriyeti&#8217;ndeki karde\u015flerle dayan\u0131\u015fma i\u00e7inde oldu\u011funu ifade ediyor\u201d dedi.<\/p>\n<p>Bakanl\u0131k, \u0130ran h\u00fck\u00fcmetine ve halk\u0131na ve kurbanlar\u0131n ailelerine en derin taziyelerini ileterek, yaral\u0131lara acil \u015fifalar ve kay\u0131plar\u0131n ailelerine geri d\u00f6nmesini diledi.<\/p>\n<p>Bakanl\u0131k ayr\u0131ca, \u201cSuriye Arap Cumhuriyeti h\u00fck\u00fcmeti, \u0130ran h\u00fck\u00fcmetinin ve halk\u0131n\u0131n bu ac\u0131l\u0131 \u00e7ilenin \u00fcstesinden gelebilece\u011fine tamamen g\u00fcveniyor\u201d ifadeleri ekledi.<\/p>\n<p>P.M.<\/p>\n","protected":false},"excerpt":{"rendered":"<p>\u015eAM \u2013 Suriye, bir\u00e7ok \u015fehir ve k\u00f6y\u00fcn \u015fiddetli sellere ve sellere maruz kalmas\u0131ndan sonra \u0130ran ile dayan\u0131\u015fmas\u0131n\u0131 teyit ederek, h\u00fck\u00fcmetinin ve halk\u0131n\u0131n bu ac\u0131 verici \u00e7ilenin \u00fcstesinden gelme yetene\u011fine g\u00fcvendi\u011fini ifade etti. D\u0131\u015fi\u015fleri ve Gurbet\u00e7iler Bakanl\u0131\u011f\u0131 yay\u0131nlad\u0131\u011f\u0131 beyanda, \u201cSuriye Arap Cumhuriyeti H\u00fck\u00fcmeti, bir\u00e7ok \u015fehir ve k\u00f6y\u00fc vuran, can ve mal kayb\u0131na yol a\u00e7an sa\u011fanak ya\u011fmur &hellip;<\/p>\n","protected":false},"author":1,"featured_media":259930,"comment_status":"closed","ping_status":"closed","sticky":false,"template":"","format":"standard","meta":{"footnotes":""},"categories":[479,17988,478],"tags":[],"class_list":["post-259929","post","type-post","status-publish","format-standard","has-post-thumbnail","","category-haberler-yerel","category-son-haberler","category-yerel"],"_links":{"self":[{"href":"https:\/\/archive.sana.sy\/tr\/index.php?rest_route=\/wp\/v2\/posts\/259929","targetHints":{"allow":["GET"]}}],"collection":[{"href":"https:\/\/archive.sana.sy\/tr\/index.php?rest_route=\/wp\/v2\/posts"}],"about":[{"href":"https:\/\/archive.sana.sy\/tr\/index.php?rest_route=\/wp\/v2\/types\/post"}],"author":[{"embeddable":true,"href":"https:\/\/archive.sana.sy\/tr\/index.php?rest_route=\/wp\/v2\/users\/1"}],"replies":[{"embeddable":true,"href":"https:\/\/archive.sana.sy\/tr\/index.php?rest_route=%2Fwp%2Fv2%2Fcomments&post=259929"}],"version-history":[{"count":0,"href":"https:\/\/archive.sana.sy\/tr\/index.php?rest_route=\/wp\/v2\/posts\/259929\/revisions"}],"wp:featuredmedia":[{"embeddable":true,"href":"https:\/\/archive.sana.sy\/tr\/index.php?rest_route=\/wp\/v2\/media\/259930"}],"wp:attachment":[{"href":"https:\/\/archive.sana.sy\/tr\/index.php?rest_route=%2Fwp%2Fv2%2Fmedia&parent=259929"}],"wp:term":[{"taxonomy":"category","embeddable":true,"href":"https:\/\/archive.sana.sy\/tr\/index.php?rest_route=%2Fwp%2Fv2%2Fcategories&post=259929"},{"taxonomy":"post_tag","embeddable":true,"href":"https:\/\/archive.sana.sy\/tr\/index.php?rest_route=%2Fwp%2Fv2%2Ftags&post=259929"}],"curies":[{"name":"wp","href":"https:\/\/api.w.org\/{rel}","templated":true}]}}