{"id":259941,"date":"2022-08-02T12:04:54","date_gmt":"2022-08-02T09:04:54","guid":{"rendered":"http:\/\/107.6.182.27\/tr\/?p=259941"},"modified":"2022-08-02T12:05:40","modified_gmt":"2022-08-02T09:05:40","slug":"silahli-kuvvetlerimiz-suriye-arap-ordusunun-kurulusunun-77-yil-donumunu-kutluyor","status":"publish","type":"post","link":"https:\/\/archive.sana.sy\/tr\/?p=259941","title":{"rendered":"Silahl\u0131 Kuvvetlerimiz, Suriye Arap Ordusu&#8217;nun Kurulu\u015funun 77. Y\u0131l D\u00f6n\u00fcm\u00fcn\u00fc Kutluyor"},"content":{"rendered":"<p><iframe loading=\"lazy\" title=\"\u0642\u0648\u0627\u062a\u0646\u0627 \u0627\u0644\u0645\u0633\u0644\u062d\u0629 \u062a\u062d\u062a\u0641\u0644 \u0628\u0627\u0644\u0630\u0643\u0631\u0649 \u0627\u0644\u0633\u0627\u0628\u0639\u0629 \u0648\u0627\u0644\u0633\u0628\u0639\u064a\u0646 \u0644\u062a\u0623\u0633\u064a\u0633 \u0627\u0644\u062c\u064a\u0634 \u0627\u0644\u0639\u0631\u0628\u064a \u0627\u0644\u0633\u0648\u0631\u064a\" src=\"https:\/\/www.youtube.com\/embed\/EjWOEOf7WCY\" width=\"620\" height=\"348\" frameborder=\"0\" allowfullscreen=\"allowfullscreen\"><\/iframe><\/p>\n","protected":false},"excerpt":{"rendered":"","protected":false},"author":39,"featured_media":259943,"comment_status":"closed","ping_status":"closed","sticky":false,"template":"","format":"standard","meta":{"footnotes":""},"categories":[18295],"tags":[],"class_list":["post-259941","post","type-post","status-publish","format-standard","has-post-thumbnail","","category-sana-video"],"_links":{"self":[{"href":"https:\/\/archive.sana.sy\/tr\/index.php?rest_route=\/wp\/v2\/posts\/259941","targetHints":{"allow":["GET"]}}],"collection":[{"href":"https:\/\/archive.sana.sy\/tr\/index.php?rest_route=\/wp\/v2\/posts"}],"about":[{"href":"https:\/\/archive.sana.sy\/tr\/index.php?rest_route=\/wp\/v2\/types\/post"}],"author":[{"embeddable":true,"href":"https:\/\/archive.sana.sy\/tr\/index.php?rest_route=\/wp\/v2\/users\/39"}],"replies":[{"embeddable":true,"href":"https:\/\/archive.sana.sy\/tr\/index.php?rest_route=%2Fwp%2Fv2%2Fcomments&post=259941"}],"version-history":[{"count":0,"href":"https:\/\/archive.sana.sy\/tr\/index.php?rest_route=\/wp\/v2\/posts\/259941\/revisions"}],"wp:featuredmedia":[{"embeddable":true,"href":"https:\/\/archive.sana.sy\/tr\/index.php?rest_route=\/wp\/v2\/media\/259943"}],"wp:attachment":[{"href":"https:\/\/archive.sana.sy\/tr\/index.php?rest_route=%2Fwp%2Fv2%2Fmedia&parent=259941"}],"wp:term":[{"taxonomy":"category","embeddable":true,"href":"https:\/\/archive.sana.sy\/tr\/index.php?rest_route=%2Fwp%2Fv2%2Fcategories&post=259941"},{"taxonomy":"post_tag","embeddable":true,"href":"https:\/\/archive.sana.sy\/tr\/index.php?rest_route=%2Fwp%2Fv2%2Ftags&post=259941"}],"curies":[{"name":"wp","href":"https:\/\/api.w.org\/{rel}","templated":true}]}}