{"id":259952,"date":"2022-08-02T15:41:38","date_gmt":"2022-08-02T12:41:38","guid":{"rendered":"http:\/\/107.6.182.27\/tr\/?p=259952"},"modified":"2022-08-04T08:36:12","modified_gmt":"2022-08-04T05:36:12","slug":"disisleri-bakanligi-suriye-tek-cinden-baska-cini-tanimaz","status":"publish","type":"post","link":"https:\/\/archive.sana.sy\/tr\/?p=259952","title":{"rendered":"D\u0131\u015fi\u015fleri Bakanl\u0131\u011f\u0131: Suriye Tek \u00c7in&#8217;den Ba\u015fka \u00c7in&#8217;i Tan\u0131maz"},"content":{"rendered":"<p>\u015eAM &#8211; Suriye, \u00c7in&#8217;in ABD Temsilciler Meclisi Ba\u015fkan\u0131&#8217;n\u0131n Tayvan ziyaretine kar\u015f\u0131 a\u00e7\u0131klad\u0131\u011f\u0131 pozisyonlara tam deste\u011fini belirterek, uluslararas\u0131 hukuka ayk\u0131r\u0131 ve \u00c7in Halk Cumhuriyeti&#8217;nin egemenli\u011fine, ba\u011f\u0131ms\u0131zl\u0131\u011f\u0131na ve toprak b\u00fct\u00fcnl\u00fc\u011f\u00fcne sayg\u0131 duymayan d\u00fc\u015fmanca bir eylem oldu\u011funu vurgulad\u0131.<\/p>\n<p>D\u0131\u015fi\u015fleri ve Gurbet\u00e7iler Bakanl\u0131\u011f\u0131n\u0131n yay\u0131nlad\u0131\u011f\u0131 ve SANA&#8217;n\u0131n bir n\u00fcshas\u0131n\u0131 ald\u0131\u011f\u0131 beyanda: &#8220;Suriye, Amerika Birle\u015fik Devletleri&#8217;nin \u00c7in Halk Cumhuriyeti&#8217;ne kar\u015f\u0131 uygulad\u0131\u011f\u0131 benzeri g\u00f6r\u00fclmemi\u015f t\u0131rman\u0131\u015f ve provokasyon politikas\u0131n\u0131 sert ibarelerle k\u0131n\u0131yor&#8221; diyerek, ABD Temsilciler Meclisi Ba\u015fkan\u0131&#8217;n\u0131n baz\u0131 Do\u011fu Asya \u00fclkelerinde ba\u015flad\u0131\u011f\u0131 gezi s\u0131ras\u0131nda Tayvan&#8217;\u0131 ziyaret etme niyetini a\u00e7\u0131klamas\u0131n\u0131n uluslararas\u0131 hukuka uygun olmayan d\u00fc\u015fmanca bir eylem oldu\u011funu, halklar\u0131n egemenli\u011fine, ba\u011f\u0131ms\u0131zl\u0131\u011f\u0131na ve \u00c7in Cumhuriyetinin toprak b\u00fct\u00fcnl\u00fc\u011f\u00fcne sayg\u0131 g\u00f6stermemekte oldu\u011funu, ABD yasama ve y\u00fcr\u00fctme mercilerinin o b\u00f6lgedeki ve d\u00fcnyan\u0131n di\u011fer b\u00f6lgelerindeki durumu zorlamaya y\u00f6nelik s\u00fcrekli \u00e7abalar\u0131n\u0131n \u00e7er\u00e7evesine giren, uluslararas\u0131 bar\u0131\u015f ve g\u00fcvenli\u011fi tehdit eden, hassas ve k\u0131r\u0131lgan durumlar\u0131 ortaya \u00e7\u0131karan sorumsuz davran\u0131\u015flar oldu\u011funa dikkati \u00e7ekerek, d\u00fcnyam\u0131zdaki durumlar\u0131 daha fazla titre\u015fim ve kaosa s\u00fcr\u00fckleyebilece\u011fini s\u00f6yledi.<\/p>\n<p>Bakanl\u0131k, &#8220;Devletlerin egemenli\u011fini, toprak b\u00fct\u00fcnl\u00fc\u011f\u00fcn\u00fc ve kendi kaderini tayin hakk\u0131n\u0131 hedef alan d\u00fc\u015fmanca ve pervas\u0131z Amerikan politikalar\u0131, insanl\u0131\u011f\u0131n bug\u00fcn\u00fc ve gelece\u011fi i\u00e7in bir korku kayna\u011f\u0131 haline geldi ve bu Ortado\u011fu, Asya, Afrika, Latin Amerika ve ka\u00e7\u0131n\u0131lmaz olarak Avrupa k\u0131tas\u0131nda \u00e7ok a\u00e7\u0131k g\u00f6r\u00fcl\u00fcyor&#8221; dedi.<\/p>\n<p>D\u0131\u015fi\u015fleri Bakanl\u0131\u011f\u0131, Suriye&#8217;nin yaln\u0131zca tek bir \u00c7in&#8217;i tan\u0131d\u0131\u011f\u0131n\u0131 ve \u00c7in Halk Cumhuriyeti&#8217;nin bu ziyarete kar\u015f\u0131 a\u00e7\u0131klad\u0131\u011f\u0131 tutumlar\u0131 tam olarak destekledi\u011fini, \u00c7in&#8217;in koruma ve savunma hakk\u0131n\u0131 savunmak egemenli\u011fini, ba\u011f\u0131ms\u0131zl\u0131\u011f\u0131n\u0131 ve toprak b\u00fct\u00fcnl\u00fc\u011f\u00fcn\u00fc korumak i\u00e7in karar verdi\u011fi \u00f6nlemleri ve ad\u0131mlar\u0131 atma konusunda pazarl\u0131k veya pazarl\u0131k konusu olmad\u0131\u011f\u0131n\u0131 vurgulad\u0131.<\/p>\n<p>Bakanl\u0131k: &#8220;Suriye, \u00c7in&#8217;in \u00e7abalar\u0131na mutlak ve s\u0131n\u0131rs\u0131z deste\u011fini, ister Tayvan, ister Hong Kong veya Xinjiang&#8217;da olsun, i\u00e7 i\u015flerine d\u0131\u015f m\u00fcdahale giri\u015fimlerine kar\u015f\u0131 koyma konusundaki ilkeli tutumunu teyit etti\u011fini&#8221; belirtti.<\/p>\n<p>Beyanda, Suriye&#8217;nin tek bir \u00c7in&#8217;i tan\u0131d\u0131\u011f\u0131 ve \u00c7in Halk Cumhuriyeti&#8217;nin bu ziyarete kar\u015f\u0131 a\u00e7\u0131klad\u0131\u011f\u0131 tutumlar\u0131 ve \u00c7in&#8217;in koruma ve savunma hakk\u0131n\u0131 savunmak i\u00e7in ald\u0131\u011f\u0131 \u00f6nlemleri ve ad\u0131mlar\u0131 m\u00fczakere edilemez veya pazarl\u0131k konusu yapma hakk\u0131n\u0131 tam olarak destekledi\u011fi ifade edildi.<\/p>\n","protected":false},"excerpt":{"rendered":"<p>\u015eAM &#8211; Suriye, \u00c7in&#8217;in ABD Temsilciler Meclisi Ba\u015fkan\u0131&#8217;n\u0131n Tayvan ziyaretine kar\u015f\u0131 a\u00e7\u0131klad\u0131\u011f\u0131 pozisyonlara tam deste\u011fini belirterek, uluslararas\u0131 hukuka ayk\u0131r\u0131 ve \u00c7in Halk Cumhuriyeti&#8217;nin egemenli\u011fine, ba\u011f\u0131ms\u0131zl\u0131\u011f\u0131na ve toprak b\u00fct\u00fcnl\u00fc\u011f\u00fcne sayg\u0131 duymayan d\u00fc\u015fmanca bir eylem oldu\u011funu vurgulad\u0131. D\u0131\u015fi\u015fleri ve Gurbet\u00e7iler Bakanl\u0131\u011f\u0131n\u0131n yay\u0131nlad\u0131\u011f\u0131 ve SANA&#8217;n\u0131n bir n\u00fcshas\u0131n\u0131 ald\u0131\u011f\u0131 beyanda: &#8220;Suriye, Amerika Birle\u015fik Devletleri&#8217;nin \u00c7in Halk Cumhuriyeti&#8217;ne kar\u015f\u0131 uygulad\u0131\u011f\u0131 &hellip;<\/p>\n","protected":false},"author":1,"featured_media":259953,"comment_status":"closed","ping_status":"closed","sticky":false,"template":"","format":"standard","meta":{"footnotes":""},"categories":[479,17988,478],"tags":[],"class_list":["post-259952","post","type-post","status-publish","format-standard","has-post-thumbnail","","category-haberler-yerel","category-son-haberler","category-yerel"],"_links":{"self":[{"href":"https:\/\/archive.sana.sy\/tr\/index.php?rest_route=\/wp\/v2\/posts\/259952","targetHints":{"allow":["GET"]}}],"collection":[{"href":"https:\/\/archive.sana.sy\/tr\/index.php?rest_route=\/wp\/v2\/posts"}],"about":[{"href":"https:\/\/archive.sana.sy\/tr\/index.php?rest_route=\/wp\/v2\/types\/post"}],"author":[{"embeddable":true,"href":"https:\/\/archive.sana.sy\/tr\/index.php?rest_route=\/wp\/v2\/users\/1"}],"replies":[{"embeddable":true,"href":"https:\/\/archive.sana.sy\/tr\/index.php?rest_route=%2Fwp%2Fv2%2Fcomments&post=259952"}],"version-history":[{"count":0,"href":"https:\/\/archive.sana.sy\/tr\/index.php?rest_route=\/wp\/v2\/posts\/259952\/revisions"}],"wp:featuredmedia":[{"embeddable":true,"href":"https:\/\/archive.sana.sy\/tr\/index.php?rest_route=\/wp\/v2\/media\/259953"}],"wp:attachment":[{"href":"https:\/\/archive.sana.sy\/tr\/index.php?rest_route=%2Fwp%2Fv2%2Fmedia&parent=259952"}],"wp:term":[{"taxonomy":"category","embeddable":true,"href":"https:\/\/archive.sana.sy\/tr\/index.php?rest_route=%2Fwp%2Fv2%2Fcategories&post=259952"},{"taxonomy":"post_tag","embeddable":true,"href":"https:\/\/archive.sana.sy\/tr\/index.php?rest_route=%2Fwp%2Fv2%2Ftags&post=259952"}],"curies":[{"name":"wp","href":"https:\/\/api.w.org\/{rel}","templated":true}]}}