{"id":259955,"date":"2022-08-02T23:29:20","date_gmt":"2022-08-02T20:29:20","guid":{"rendered":"http:\/\/107.6.182.27\/tr\/?p=259955"},"modified":"2022-08-03T09:25:02","modified_gmt":"2022-08-03T06:25:02","slug":"dsg-milisleri-deyrezzor-kirsalindan-iki-cocugu-kacirdi","status":"publish","type":"post","link":"https:\/\/archive.sana.sy\/tr\/?p=259955","title":{"rendered":"DSG Milisleri, Deyrezzor K\u0131rsal\u0131ndan \u0130ki \u00c7ocu\u011fu Ka\u00e7\u0131rd\u0131"},"content":{"rendered":"<p>DERYEZZOR \u2013 Deyrezzor k\u0131rsal\u0131n\u0131n do\u011fusunda yer alan El Azba ve El Tayana beldeleri, silahl\u0131 adamlar\u0131n\u0131n iki \u00e7ocu\u011fu ka\u00e7\u0131r\u0131p zorla saflar\u0131na katmas\u0131n\u0131n ard\u0131ndan Amerikan i\u015fgaliyle ba\u011flant\u0131l\u0131 \u201cDSG\u201d milislerine kar\u015f\u0131 potesto g\u00f6sterisi d\u00fczenledi.<\/p>\n<p>yerel kaynaklar SANA muhabirine yapt\u0131\u011f\u0131 a\u00e7\u0131klamada, \u201cDSG\u201d milisleri ile ba\u011flant\u0131l\u0131 silahl\u0131 gruplar\u0131n El Tayana beldesinden iki \u00e7ocu\u011fu zorla asker toplama kamplar\u0131na g\u00f6t\u00fcrmek i\u00e7in ka\u00e7\u0131rd\u0131\u011f\u0131n\u0131 s\u00f6yledi.<\/p>\n<p>Kaynaklar, El Tayana ve El Azbet beldelerinin halk\u0131, iki beldenin sokaklar\u0131nda yollar\u0131 kapatarak ve lastik yakarak \u201cDSG\u201d milislerine kar\u015f\u0131 g\u00f6steri yaparak adam ka\u00e7\u0131rmalar\u0131n sona ermesi \u00e7a\u011fr\u0131s\u0131nda bulundu\u011funu belirtti.<\/p>\n","protected":false},"excerpt":{"rendered":"<p>DERYEZZOR \u2013 Deyrezzor k\u0131rsal\u0131n\u0131n do\u011fusunda yer alan El Azba ve El Tayana beldeleri, silahl\u0131 adamlar\u0131n\u0131n iki \u00e7ocu\u011fu ka\u00e7\u0131r\u0131p zorla saflar\u0131na katmas\u0131n\u0131n ard\u0131ndan Amerikan i\u015fgaliyle ba\u011flant\u0131l\u0131 \u201cDSG\u201d milislerine kar\u015f\u0131 potesto g\u00f6sterisi d\u00fczenledi. yerel kaynaklar SANA muhabirine yapt\u0131\u011f\u0131 a\u00e7\u0131klamada, \u201cDSG\u201d milisleri ile ba\u011flant\u0131l\u0131 silahl\u0131 gruplar\u0131n El Tayana beldesinden iki \u00e7ocu\u011fu zorla asker toplama kamplar\u0131na g\u00f6t\u00fcrmek i\u00e7in ka\u00e7\u0131rd\u0131\u011f\u0131n\u0131 &hellip;<\/p>\n","protected":false},"author":36,"featured_media":259956,"comment_status":"closed","ping_status":"closed","sticky":false,"template":"","format":"standard","meta":{"footnotes":""},"categories":[479,575,17988,478],"tags":[],"class_list":["post-259955","post","type-post","status-publish","format-standard","has-post-thumbnail","","category-haberler-yerel","category-olaylar-ve-gercekler","category-son-haberler","category-yerel"],"_links":{"self":[{"href":"https:\/\/archive.sana.sy\/tr\/index.php?rest_route=\/wp\/v2\/posts\/259955","targetHints":{"allow":["GET"]}}],"collection":[{"href":"https:\/\/archive.sana.sy\/tr\/index.php?rest_route=\/wp\/v2\/posts"}],"about":[{"href":"https:\/\/archive.sana.sy\/tr\/index.php?rest_route=\/wp\/v2\/types\/post"}],"author":[{"embeddable":true,"href":"https:\/\/archive.sana.sy\/tr\/index.php?rest_route=\/wp\/v2\/users\/36"}],"replies":[{"embeddable":true,"href":"https:\/\/archive.sana.sy\/tr\/index.php?rest_route=%2Fwp%2Fv2%2Fcomments&post=259955"}],"version-history":[{"count":0,"href":"https:\/\/archive.sana.sy\/tr\/index.php?rest_route=\/wp\/v2\/posts\/259955\/revisions"}],"wp:featuredmedia":[{"embeddable":true,"href":"https:\/\/archive.sana.sy\/tr\/index.php?rest_route=\/wp\/v2\/media\/259956"}],"wp:attachment":[{"href":"https:\/\/archive.sana.sy\/tr\/index.php?rest_route=%2Fwp%2Fv2%2Fmedia&parent=259955"}],"wp:term":[{"taxonomy":"category","embeddable":true,"href":"https:\/\/archive.sana.sy\/tr\/index.php?rest_route=%2Fwp%2Fv2%2Fcategories&post=259955"},{"taxonomy":"post_tag","embeddable":true,"href":"https:\/\/archive.sana.sy\/tr\/index.php?rest_route=%2Fwp%2Fv2%2Ftags&post=259955"}],"curies":[{"name":"wp","href":"https:\/\/api.w.org\/{rel}","templated":true}]}}