{"id":259975,"date":"2022-08-02T22:03:34","date_gmt":"2022-08-02T19:03:34","guid":{"rendered":"http:\/\/107.6.182.27\/tr\/?p=259975"},"modified":"2022-08-04T08:36:32","modified_gmt":"2022-08-04T05:36:32","slug":"80e-yakin-is-adami-ve-kadinin-katilimiyla-suriye-cezayir-is-konseyinin-baslatilmasi","status":"publish","type":"post","link":"https:\/\/archive.sana.sy\/tr\/?p=259975","title":{"rendered":"80&#8217;e Yak\u0131n \u0130\u015f Adam\u0131 ve Kad\u0131n\u0131n Kat\u0131l\u0131m\u0131yla&#8230; Suriye-Cezayir \u0130\u015f Konseyi&#8217;nin Ba\u015flat\u0131lmas\u0131"},"content":{"rendered":"<p>\u015eAM \u2013 Suriye-Cezayir \u0130\u015f Konseyi Genel Kurulu toplant\u0131s\u0131, bu ak\u015fam \u015eam k\u0131rsal\u0131ndaki Ebla Otel&#8217;de yakla\u015f\u0131k 80 i\u015f adam\u0131 ve kad\u0131n\u0131n kat\u0131l\u0131m\u0131yla y\u00f6netim kurulu ve komitelerinin olu\u015fumunu tamamlamak ve \u00e7al\u0131\u015fmalar\u0131na ba\u015flamak \u00fczere ba\u015flad\u0131.<img loading=\"lazy\" decoding=\"async\" class=\"size-full wp-image-259976 alignright\" src=\"http:\/\/107.6.182.27\/tr\/wp-content\/uploads\/2022\/08\/DSC_4991-300x186-1.jpg\" alt=\"\" width=\"300\" height=\"186\" srcset=\"https:\/\/archive.sana.sy\/tr\/wp-content\/uploads\/2022\/08\/DSC_4991-300x186-1.jpg 300w, https:\/\/archive.sana.sy\/tr\/wp-content\/uploads\/2022\/08\/DSC_4991-300x186-1-150x93.jpg 150w\" sizes=\"auto, (max-width: 300px) 100vw, 300px\" \/><\/p>\n<p>Konsey Ba\u015fkan\u0131 Haled Zubeydi, toplant\u0131n\u0131n ba\u015f\u0131nda yapt\u0131\u011f\u0131 konu\u015fmada, Konseyin \u00f6n\u00fcm\u00fczdeki d\u00f6nemde Suriye ile Cezayir aras\u0131nda \u00e7e\u015fitli ticaret ve yat\u0131r\u0131m alanlar\u0131nda ekonomik ili\u015fkileri geli\u015ftirmek i\u00e7in \u00e7al\u0131\u015faca\u011f\u0131n\u0131 vurgulad\u0131.<\/p>\n<p>Ge\u00e7en ay\u0131n 17&#8217;sinde Ekonomi ve D\u0131\u015f Ticaret Bakanl\u0131\u011f\u0131, Suriye-Cezayir \u0130\u015f Konseyi&#8217;nin kurulmas\u0131na ili\u015fkin bir karar yay\u0131nlayarak, Khaled Al-Zobeidi&#8217;yi konsey ba\u015fkanl\u0131\u011f\u0131na, Mustafa Kavaye&#8217;i de vekilli\u011fine atam\u0131\u015ft\u0131.<\/p>\n<p>P.M.<\/p>\n<p><span style=\"color: #0000ff;\">#Telegram_Kanal\u0131m\u0131z: https:\/\/t.me\/SuriyeArapHaberAjans<\/span><\/p>\n<div id='gallery-1' class='gallery galleryid-259975 gallery-columns-3 gallery-size-full'><figure class='gallery-item'>\n\t\t\t<div class='gallery-icon landscape'>\n\t\t\t\t<a href='https:\/\/archive.sana.sy\/tr\/wp-content\/uploads\/2022\/08\/DSC_4993-1.jpg'><img loading=\"lazy\" decoding=\"async\" width=\"660\" height=\"416\" src=\"https:\/\/archive.sana.sy\/tr\/wp-content\/uploads\/2022\/08\/DSC_4993-1.jpg\" class=\"attachment-full size-full\" alt=\"\" srcset=\"https:\/\/archive.sana.sy\/tr\/wp-content\/uploads\/2022\/08\/DSC_4993-1.jpg 660w, https:\/\/archive.sana.sy\/tr\/wp-content\/uploads\/2022\/08\/DSC_4993-1-300x189.jpg 300w, https:\/\/archive.sana.sy\/tr\/wp-content\/uploads\/2022\/08\/DSC_4993-1-150x95.jpg 150w\" sizes=\"auto, (max-width: 660px) 100vw, 660px\" \/><\/a>\n\t\t\t<\/div><\/figure><figure class='gallery-item'>\n\t\t\t<div class='gallery-icon landscape'>\n\t\t\t\t<a href='https:\/\/archive.sana.sy\/tr\/wp-content\/uploads\/2022\/08\/DSC_5010-1.jpg'><img loading=\"lazy\" decoding=\"async\" width=\"660\" height=\"440\" src=\"https:\/\/archive.sana.sy\/tr\/wp-content\/uploads\/2022\/08\/DSC_5010-1.jpg\" class=\"attachment-full size-full\" alt=\"\" srcset=\"https:\/\/archive.sana.sy\/tr\/wp-content\/uploads\/2022\/08\/DSC_5010-1.jpg 660w, https:\/\/archive.sana.sy\/tr\/wp-content\/uploads\/2022\/08\/DSC_5010-1-300x200.jpg 300w, https:\/\/archive.sana.sy\/tr\/wp-content\/uploads\/2022\/08\/DSC_5010-1-150x100.jpg 150w\" sizes=\"auto, (max-width: 660px) 100vw, 660px\" \/><\/a>\n\t\t\t<\/div><\/figure><figure class='gallery-item'>\n\t\t\t<div class='gallery-icon landscape'>\n\t\t\t\t<a href='https:\/\/archive.sana.sy\/tr\/wp-content\/uploads\/2022\/08\/DSC_5019-1.jpg'><img loading=\"lazy\" decoding=\"async\" width=\"660\" height=\"450\" src=\"https:\/\/archive.sana.sy\/tr\/wp-content\/uploads\/2022\/08\/DSC_5019-1.jpg\" class=\"attachment-full size-full\" alt=\"\" srcset=\"https:\/\/archive.sana.sy\/tr\/wp-content\/uploads\/2022\/08\/DSC_5019-1.jpg 660w, https:\/\/archive.sana.sy\/tr\/wp-content\/uploads\/2022\/08\/DSC_5019-1-300x205.jpg 300w, https:\/\/archive.sana.sy\/tr\/wp-content\/uploads\/2022\/08\/DSC_5019-1-150x102.jpg 150w, https:\/\/archive.sana.sy\/tr\/wp-content\/uploads\/2022\/08\/DSC_5019-1-110x75.jpg 110w\" sizes=\"auto, (max-width: 660px) 100vw, 660px\" \/><\/a>\n\t\t\t<\/div><\/figure><figure class='gallery-item'>\n\t\t\t<div class='gallery-icon landscape'>\n\t\t\t\t<a href='https:\/\/archive.sana.sy\/tr\/wp-content\/uploads\/2022\/08\/DSC_5022-1-300x196-1.jpg'><img loading=\"lazy\" decoding=\"async\" width=\"300\" height=\"196\" src=\"https:\/\/archive.sana.sy\/tr\/wp-content\/uploads\/2022\/08\/DSC_5022-1-300x196-1.jpg\" class=\"attachment-full size-full\" alt=\"\" srcset=\"https:\/\/archive.sana.sy\/tr\/wp-content\/uploads\/2022\/08\/DSC_5022-1-300x196-1.jpg 300w, https:\/\/archive.sana.sy\/tr\/wp-content\/uploads\/2022\/08\/DSC_5022-1-300x196-1-150x98.jpg 150w\" sizes=\"auto, (max-width: 300px) 100vw, 300px\" \/><\/a>\n\t\t\t<\/div><\/figure><figure class='gallery-item'>\n\t\t\t<div class='gallery-icon landscape'>\n\t\t\t\t<a href='https:\/\/archive.sana.sy\/tr\/wp-content\/uploads\/2022\/08\/DSC_5024-1.jpg'><img loading=\"lazy\" decoding=\"async\" width=\"660\" height=\"440\" src=\"https:\/\/archive.sana.sy\/tr\/wp-content\/uploads\/2022\/08\/DSC_5024-1.jpg\" class=\"attachment-full size-full\" alt=\"\" srcset=\"https:\/\/archive.sana.sy\/tr\/wp-content\/uploads\/2022\/08\/DSC_5024-1.jpg 660w, https:\/\/archive.sana.sy\/tr\/wp-content\/uploads\/2022\/08\/DSC_5024-1-300x200.jpg 300w, https:\/\/archive.sana.sy\/tr\/wp-content\/uploads\/2022\/08\/DSC_5024-1-150x100.jpg 150w\" sizes=\"auto, (max-width: 660px) 100vw, 660px\" \/><\/a>\n\t\t\t<\/div><\/figure><figure class='gallery-item'>\n\t\t\t<div class='gallery-icon landscape'>\n\t\t\t\t<a href='https:\/\/archive.sana.sy\/tr\/wp-content\/uploads\/2022\/08\/DSC_5029-1.jpg'><img loading=\"lazy\" decoding=\"async\" width=\"660\" height=\"453\" src=\"https:\/\/archive.sana.sy\/tr\/wp-content\/uploads\/2022\/08\/DSC_5029-1.jpg\" class=\"attachment-full size-full\" alt=\"\" srcset=\"https:\/\/archive.sana.sy\/tr\/wp-content\/uploads\/2022\/08\/DSC_5029-1.jpg 660w, https:\/\/archive.sana.sy\/tr\/wp-content\/uploads\/2022\/08\/DSC_5029-1-300x206.jpg 300w, https:\/\/archive.sana.sy\/tr\/wp-content\/uploads\/2022\/08\/DSC_5029-1-150x103.jpg 150w, https:\/\/archive.sana.sy\/tr\/wp-content\/uploads\/2022\/08\/DSC_5029-1-110x75.jpg 110w\" sizes=\"auto, (max-width: 660px) 100vw, 660px\" \/><\/a>\n\t\t\t<\/div><\/figure>\n\t\t<\/div>\n\n","protected":false},"excerpt":{"rendered":"<p>\u015eAM \u2013 Suriye-Cezayir \u0130\u015f Konseyi Genel Kurulu toplant\u0131s\u0131, bu ak\u015fam \u015eam k\u0131rsal\u0131ndaki Ebla Otel&#8217;de yakla\u015f\u0131k 80 i\u015f adam\u0131 ve kad\u0131n\u0131n kat\u0131l\u0131m\u0131yla y\u00f6netim kurulu ve komitelerinin olu\u015fumunu tamamlamak ve \u00e7al\u0131\u015fmalar\u0131na ba\u015flamak \u00fczere ba\u015flad\u0131. Konsey Ba\u015fkan\u0131 Haled Zubeydi, toplant\u0131n\u0131n ba\u015f\u0131nda yapt\u0131\u011f\u0131 konu\u015fmada, Konseyin \u00f6n\u00fcm\u00fczdeki d\u00f6nemde Suriye ile Cezayir aras\u0131nda \u00e7e\u015fitli ticaret ve yat\u0131r\u0131m alanlar\u0131nda ekonomik ili\u015fkileri geli\u015ftirmek &hellip;<\/p>\n","protected":false},"author":1,"featured_media":259985,"comment_status":"closed","ping_status":"closed","sticky":false,"template":"","format":"standard","meta":{"footnotes":""},"categories":[479,17988,478],"tags":[],"class_list":["post-259975","post","type-post","status-publish","format-standard","has-post-thumbnail","","category-haberler-yerel","category-son-haberler","category-yerel"],"_links":{"self":[{"href":"https:\/\/archive.sana.sy\/tr\/index.php?rest_route=\/wp\/v2\/posts\/259975","targetHints":{"allow":["GET"]}}],"collection":[{"href":"https:\/\/archive.sana.sy\/tr\/index.php?rest_route=\/wp\/v2\/posts"}],"about":[{"href":"https:\/\/archive.sana.sy\/tr\/index.php?rest_route=\/wp\/v2\/types\/post"}],"author":[{"embeddable":true,"href":"https:\/\/archive.sana.sy\/tr\/index.php?rest_route=\/wp\/v2\/users\/1"}],"replies":[{"embeddable":true,"href":"https:\/\/archive.sana.sy\/tr\/index.php?rest_route=%2Fwp%2Fv2%2Fcomments&post=259975"}],"version-history":[{"count":0,"href":"https:\/\/archive.sana.sy\/tr\/index.php?rest_route=\/wp\/v2\/posts\/259975\/revisions"}],"wp:featuredmedia":[{"embeddable":true,"href":"https:\/\/archive.sana.sy\/tr\/index.php?rest_route=\/wp\/v2\/media\/259985"}],"wp:attachment":[{"href":"https:\/\/archive.sana.sy\/tr\/index.php?rest_route=%2Fwp%2Fv2%2Fmedia&parent=259975"}],"wp:term":[{"taxonomy":"category","embeddable":true,"href":"https:\/\/archive.sana.sy\/tr\/index.php?rest_route=%2Fwp%2Fv2%2Fcategories&post=259975"},{"taxonomy":"post_tag","embeddable":true,"href":"https:\/\/archive.sana.sy\/tr\/index.php?rest_route=%2Fwp%2Fv2%2Ftags&post=259975"}],"curies":[{"name":"wp","href":"https:\/\/api.w.org\/{rel}","templated":true}]}}