{"id":259987,"date":"2022-08-02T22:07:16","date_gmt":"2022-08-02T19:07:16","guid":{"rendered":"http:\/\/107.6.182.27\/tr\/?p=259987"},"modified":"2022-08-04T08:36:48","modified_gmt":"2022-08-04T05:36:48","slug":"amerikan-isgali-hasaka-hava-sahasina-casus-balon-firlatti","status":"publish","type":"post","link":"https:\/\/archive.sana.sy\/tr\/?p=259987","title":{"rendered":"Amerikan \u0130\u015fgali Hasaka Hava Sahas\u0131na Casus Balon F\u0131rlatt\u0131"},"content":{"rendered":"<p>HASEKE \u2013 Amerikan i\u015fgal g\u00fc\u00e7leri, adadaki \u00fcslerini ve bu \u00fcsleri g\u00fc\u00e7lendirmek ve Suriye&#8217;nin servetini \u00e7almak i\u00e7in kulland\u0131klar\u0131 askeri konvoylar\u0131 g\u00fcvence alt\u0131na almak i\u00e7in casusluk faaliyetleri y\u00fcr\u00fctmek \u00fczere Haseke k\u0131rsal\u0131 \u00fczerine bir \u0131s\u0131 balonu f\u0131rlatt\u0131.<\/p>\n<p>Yarubiye k\u0131rsal\u0131ndan yerel kaynaklar SANA muhabirine yapt\u0131klar\u0131, Amerikan i\u015fgal g\u00fc\u00e7lerinin bir i\u015fgal \u00fcss\u00fcn\u00fc i\u00e7eren Kharab al-Jir b\u00f6lgesinden ba\u015flayarak dairesel bir yol \u00fczerinde bir \u0131s\u0131 balonu f\u0131rlatt\u0131\u011f\u0131n\u0131 s\u00f6yledi.<\/p>\n<p>Kaynaklar ayr\u0131ca, Amerikan i\u015fgalinin faaliyetlerini geni\u015fletmesinin ve casusluk ara\u00e7lar\u0131n\u0131n Suriye\u2019nin el Cezire b\u00f6lgesindeki \u00fcslerini hedef alan f\u00fcze sald\u0131r\u0131lar\u0131n\u0131n son zamanlarda artmas\u0131ndan sonra geldi\u011fini belirtti.<\/p>\n<p>P.M.<\/p>\n<p><span style=\"color: #0000ff;\">#Telegram_Kanal\u0131m\u0131z: https:\/\/t.me\/SuriyeArapHaberAjans<\/span><\/p>\n","protected":false},"excerpt":{"rendered":"<p>HASEKE \u2013 Amerikan i\u015fgal g\u00fc\u00e7leri, adadaki \u00fcslerini ve bu \u00fcsleri g\u00fc\u00e7lendirmek ve Suriye&#8217;nin servetini \u00e7almak i\u00e7in kulland\u0131klar\u0131 askeri konvoylar\u0131 g\u00fcvence alt\u0131na almak i\u00e7in casusluk faaliyetleri y\u00fcr\u00fctmek \u00fczere Haseke k\u0131rsal\u0131 \u00fczerine bir \u0131s\u0131 balonu f\u0131rlatt\u0131. Yarubiye k\u0131rsal\u0131ndan yerel kaynaklar SANA muhabirine yapt\u0131klar\u0131, Amerikan i\u015fgal g\u00fc\u00e7lerinin bir i\u015fgal \u00fcss\u00fcn\u00fc i\u00e7eren Kharab al-Jir b\u00f6lgesinden ba\u015flayarak dairesel bir yol &hellip;<\/p>\n","protected":false},"author":1,"featured_media":259988,"comment_status":"closed","ping_status":"closed","sticky":false,"template":"","format":"standard","meta":{"footnotes":""},"categories":[479,575,17988,478],"tags":[],"class_list":["post-259987","post","type-post","status-publish","format-standard","has-post-thumbnail","","category-haberler-yerel","category-olaylar-ve-gercekler","category-son-haberler","category-yerel"],"_links":{"self":[{"href":"https:\/\/archive.sana.sy\/tr\/index.php?rest_route=\/wp\/v2\/posts\/259987","targetHints":{"allow":["GET"]}}],"collection":[{"href":"https:\/\/archive.sana.sy\/tr\/index.php?rest_route=\/wp\/v2\/posts"}],"about":[{"href":"https:\/\/archive.sana.sy\/tr\/index.php?rest_route=\/wp\/v2\/types\/post"}],"author":[{"embeddable":true,"href":"https:\/\/archive.sana.sy\/tr\/index.php?rest_route=\/wp\/v2\/users\/1"}],"replies":[{"embeddable":true,"href":"https:\/\/archive.sana.sy\/tr\/index.php?rest_route=%2Fwp%2Fv2%2Fcomments&post=259987"}],"version-history":[{"count":0,"href":"https:\/\/archive.sana.sy\/tr\/index.php?rest_route=\/wp\/v2\/posts\/259987\/revisions"}],"wp:featuredmedia":[{"embeddable":true,"href":"https:\/\/archive.sana.sy\/tr\/index.php?rest_route=\/wp\/v2\/media\/259988"}],"wp:attachment":[{"href":"https:\/\/archive.sana.sy\/tr\/index.php?rest_route=%2Fwp%2Fv2%2Fmedia&parent=259987"}],"wp:term":[{"taxonomy":"category","embeddable":true,"href":"https:\/\/archive.sana.sy\/tr\/index.php?rest_route=%2Fwp%2Fv2%2Fcategories&post=259987"},{"taxonomy":"post_tag","embeddable":true,"href":"https:\/\/archive.sana.sy\/tr\/index.php?rest_route=%2Fwp%2Fv2%2Ftags&post=259987"}],"curies":[{"name":"wp","href":"https:\/\/api.w.org\/{rel}","templated":true}]}}