{"id":260042,"date":"2022-08-05T15:18:44","date_gmt":"2022-08-05T12:18:44","guid":{"rendered":"http:\/\/107.6.182.27\/tr\/?p=260042"},"modified":"2022-08-08T08:16:31","modified_gmt":"2022-08-08T05:16:31","slug":"halepte-yatirim-forumu-hizmet-ve-kalkinsal-projelerin-takibi","status":"publish","type":"post","link":"https:\/\/archive.sana.sy\/tr\/?p=260042","title":{"rendered":"Halep&#8217;te Yat\u0131r\u0131m Forumu.. Hizmet Ve Kalk\u0131nsal Projelerin Takibi"},"content":{"rendered":"<p style=\"text-align: justify;\">HALEP &#8211; Halep Valili\u011fi taraf\u0131ndan Suriye Yat\u0131r\u0131m Kurumu ile i\u015fbirli\u011fi i\u00e7inde d\u00fczenlenen yat\u0131r\u0131m forumunun \u00e7al\u0131\u015fmalar\u0131 Halep&#8217;in eski kentindeki Han Al Harir&#8217;de ba\u015flad\u0131.<\/p>\n<p style=\"text-align: justify;\">Bay\u0131nd\u0131rl\u0131k ve \u0130sk\u00e2n Bakan\u0131 M\u00fch. S\u00fcheyl Abdullatif konu\u015fmas\u0131nda, Halep&#8217;te uygulanan hizmet, geli\u015ftirme ve yat\u0131r\u0131m projelerinin titizlikle takip edilmesi i\u00e7in h\u00fck\u00fcmetin direktifleri kapsam\u0131nda yer alan forumun \u00f6nemini a\u00e7\u0131klad\u0131. Abdullatif, sunulan t\u00fcm tart\u0131\u015fma ve \u00f6nerilerin dikkate al\u0131naca\u011f\u0131na i\u015faret ederek, mevcut yat\u0131r\u0131m f\u0131rsatlar\u0131n\u0131n valilikteki ekonomik projelerin geli\u015fimine olumlu yans\u0131yaca\u011f\u0131n\u0131 belirtti.<\/p>\n<p style=\"text-align: justify;\">Ekonomi ve D\u0131\u015f Ticaret Bakan\u0131 Dr. Samir Halil, uluslararas\u0131 yat\u0131r\u0131m yasalar\u0131nda ve b\u00f6lgesel d\u00fczeydeki yenilikleri kaydeden 18 Say\u0131l\u0131 Yat\u0131r\u0131m Yasas\u0131&#8217;n\u0131n, \u0130hracat deste\u011fini incelemeye, te\u015fviklerini art\u0131rmaya ve yat\u0131r\u0131m projeleri olu\u015fturma prosed\u00fcrlerini basitle\u015ftirmeye odaklanarak, ekonomik ekibin ter\u00f6rden etkilenen b\u00f6lgeleri canland\u0131rma ve kalk\u0131nmay\u0131 sa\u011flama \u00e7abalar\u0131yla bir sonraki a\u015fama i\u00e7in mevzuat ve yasalarla, sa\u011flad\u0131\u011f\u0131 avantajlardan bahsederek, h\u00fck\u00fcmetin ekonomik toparlanmaya y\u00f6neldi\u011fini ve buna ayak uydurdu\u011funu vurgulad\u0131..<\/p>\n<p style=\"text-align: justify;\">Sanayi Bakan\u0131 Ziyad Sabba\u011f, ter\u00f6r\u00fcn tozunu atan Halep&#8217;te yeniden imar ve imar s\u00fcrecinde yeni bir ba\u015flang\u0131\u00e7 \u200b\u200bte\u015fkil eden 18 Say\u0131l\u0131 Yat\u0131r\u0131m Kanunu&#8217;nda yer alan b\u00fcy\u00fck yat\u0131r\u0131m f\u0131rsatlar\u0131n\u0131n avantajlar\u0131na dikkat \u00e7ekti.<\/p>\n<p style=\"text-align: justify;\">Suriye Yat\u0131r\u0131m Kurumu Genel M\u00fcd\u00fcr\u00fc Medyen Diyab, forumun \u00e7e\u015fitli sanayi, ticaret ve turizm alanlar\u0131ndaki yat\u0131r\u0131m f\u0131rsatlar\u0131n\u0131 tart\u0131\u015ft\u0131\u011f\u0131n\u0131 belirterek, 18 Say\u0131l\u0131 Kanunun yay\u0131nlanmas\u0131ndan bu yana Suriye&#8217;deki yat\u0131r\u0131m hacminin yakla\u015f\u0131k bir trilyona ula\u015ft\u0131\u011f\u0131na, 3.659 i\u015f imkan\u0131 sa\u011flamak i\u00e7in \u00e7al\u0131\u015fan 38 proje ruhsat\u0131 dahil 452 milyar Suriye liras\u0131 ve bahsi ge\u00e7en projelerden 5&#8217;inin fiili \u00fcretime ge\u00e7ti\u011fine dikkat \u00e7ekti.<\/p>\n<p style=\"text-align: justify;\">Kendi y\u00f6n\u00fcnden Halep Valisi H\u00fcseyin Diyab, bu toplant\u0131n\u0131n k\u0131sa bir k\u00f6pr\u00fc ve yeniden in\u015fa, in\u015faat ve \u00fcretim s\u00fcrecinde kamu ve \u00f6zel sekt\u00f6r aras\u0131ndaki ortakl\u0131\u011f\u0131 geli\u015ftirmek ve derinle\u015ftirmek i\u00e7in yat\u0131r\u0131mc\u0131larla yap\u0131lan h\u00fck\u00fcmet toplant\u0131lar\u0131 dizisinde \u00f6nemli bir ba\u011flant\u0131 oldu\u011funu belirtti.<\/p>\n<p style=\"text-align: justify;\">Halep Valili\u011fi&#8217;nin end\u00fcstriyel ve ticari miras\u0131, hizmet ve insan bile\u015fenleri, bilimsel ve mesleki yetkinlikleri ile gelecek vaat eden bir yat\u0131r\u0131m ortam\u0131 olu\u015fturdu\u011funa dikkat \u00e7ekti.<\/p>\n<p style=\"text-align: justify;\">Vali Diyab, Halep&#8217;teki yat\u0131r\u0131m ger\u00e7e\u011fi ve mevcut yat\u0131r\u0131m f\u0131rsatlar\u0131 hakk\u0131nda bir sunum yaparak, \u015fu anda \u00fcretim yapan sanayi ve el sanatlar\u0131 kurulu\u015flar\u0131n\u0131n say\u0131s\u0131n\u0131n 19.167&#8217;ye, \u015eeyh Najjar Sanayi \u015eehri&#8217;nde \u00fcretim yapan fabrika say\u0131s\u0131n\u0131n ise 810 oldu\u011funu belirtti.<\/p>\n<p style=\"text-align: justify;\">Diyab, k\u00fcm\u00fclatif yat\u0131r\u0131m hacminin Sanayi kentinde yakla\u015f\u0131k 350 milyar Suriye liras\u0131 ve yakla\u015f\u0131k 25&#8217;i teklif edilecek \u00c7e\u015fitlendirilmi\u015f bir gayrimenkul grubuna 18 Say\u0131l\u0131 Yat\u0131r\u0131m Kanunu&#8217;nun faydalar\u0131 ile desteklenecek bir yat\u0131r\u0131m f\u0131rsat\u0131 sa\u011flad\u0131\u011f\u0131na dikkat \u00e7ekti.<\/p>\n<p style=\"text-align: justify;\">Halep Sanayi Odas\u0131 Ba\u015fkan\u0131 M\u00fchendis Faris Al \u015eihabi ise, ter\u00f6rden etkilenen b\u00f6lgelerin, \u00fcretim \u00e7ark\u0131n\u0131n eski haline getirilmesi ve bunlara alternatif olarak \u00f6zel kanun \u00e7\u0131kar\u0131lmas\u0131 ve h\u0131zland\u0131r\u0131lmas\u0131 i\u00e7in kanunun te\u015fviklerinden yararlanabilmesi i\u00e7in kalk\u0131nma alan\u0131 olmas\u0131 i\u00e7in kanunun kapsay\u0131c\u0131l\u0131\u011f\u0131n\u0131n gereklili\u011fine i\u015faret etti.<\/p>\n<p style=\"text-align: justify;\">Halep Ticaret Odas\u0131 Ba\u015fkan\u0131 Amir Hamvi de, forumun Halep kentindeki eski pazarlardaki ticari faaliyetlere destek te\u015fkil etti\u011fini belirterek, sermaye sahiplerini, vatanda\u015f\u0131n gelirinin artmas\u0131na katk\u0131da bulunacak \u015fekilde bu pazarlarda yat\u0131r\u0131m yapmaya ve valilikte orta ve k\u00fc\u00e7\u00fck projelerin kurulmas\u0131na destek vermeye \u00e7a\u011f\u0131rd\u0131.<\/p>\n","protected":false},"excerpt":{"rendered":"<p>HALEP &#8211; Halep Valili\u011fi taraf\u0131ndan Suriye Yat\u0131r\u0131m Kurumu ile i\u015fbirli\u011fi i\u00e7inde d\u00fczenlenen yat\u0131r\u0131m forumunun \u00e7al\u0131\u015fmalar\u0131 Halep&#8217;in eski kentindeki Han Al Harir&#8217;de ba\u015flad\u0131. Bay\u0131nd\u0131rl\u0131k ve \u0130sk\u00e2n Bakan\u0131 M\u00fch. S\u00fcheyl Abdullatif konu\u015fmas\u0131nda, Halep&#8217;te uygulanan hizmet, geli\u015ftirme ve yat\u0131r\u0131m projelerinin titizlikle takip edilmesi i\u00e7in h\u00fck\u00fcmetin direktifleri kapsam\u0131nda yer alan forumun \u00f6nemini a\u00e7\u0131klad\u0131. Abdullatif, sunulan t\u00fcm tart\u0131\u015fma ve \u00f6nerilerin &hellip;<\/p>\n","protected":false},"author":1,"featured_media":260043,"comment_status":"closed","ping_status":"closed","sticky":false,"template":"","format":"standard","meta":{"footnotes":""},"categories":[485,486,17988],"tags":[],"class_list":["post-260042","post","type-post","status-publish","format-standard","has-post-thumbnail","","category-is-ve-sermaye","category-haberler-is-ve-sermaye","category-son-haberler"],"_links":{"self":[{"href":"https:\/\/archive.sana.sy\/tr\/index.php?rest_route=\/wp\/v2\/posts\/260042","targetHints":{"allow":["GET"]}}],"collection":[{"href":"https:\/\/archive.sana.sy\/tr\/index.php?rest_route=\/wp\/v2\/posts"}],"about":[{"href":"https:\/\/archive.sana.sy\/tr\/index.php?rest_route=\/wp\/v2\/types\/post"}],"author":[{"embeddable":true,"href":"https:\/\/archive.sana.sy\/tr\/index.php?rest_route=\/wp\/v2\/users\/1"}],"replies":[{"embeddable":true,"href":"https:\/\/archive.sana.sy\/tr\/index.php?rest_route=%2Fwp%2Fv2%2Fcomments&post=260042"}],"version-history":[{"count":0,"href":"https:\/\/archive.sana.sy\/tr\/index.php?rest_route=\/wp\/v2\/posts\/260042\/revisions"}],"wp:featuredmedia":[{"embeddable":true,"href":"https:\/\/archive.sana.sy\/tr\/index.php?rest_route=\/wp\/v2\/media\/260043"}],"wp:attachment":[{"href":"https:\/\/archive.sana.sy\/tr\/index.php?rest_route=%2Fwp%2Fv2%2Fmedia&parent=260042"}],"wp:term":[{"taxonomy":"category","embeddable":true,"href":"https:\/\/archive.sana.sy\/tr\/index.php?rest_route=%2Fwp%2Fv2%2Fcategories&post=260042"},{"taxonomy":"post_tag","embeddable":true,"href":"https:\/\/archive.sana.sy\/tr\/index.php?rest_route=%2Fwp%2Fv2%2Ftags&post=260042"}],"curies":[{"name":"wp","href":"https:\/\/api.w.org\/{rel}","templated":true}]}}