{"id":260048,"date":"2022-08-05T15:30:19","date_gmt":"2022-08-05T12:30:19","guid":{"rendered":"http:\/\/107.6.182.27\/tr\/?p=260048"},"modified":"2022-08-08T08:16:52","modified_gmt":"2022-08-08T05:16:52","slug":"ordu-yaralilarinin-katilimiyla-lazkiye-el-esad-kultur-evinde-vatan-al-gar-korosunun-konseri","status":"publish","type":"post","link":"https:\/\/archive.sana.sy\/tr\/?p=260048","title":{"rendered":"Ordu Yaral\u0131lar\u0131n\u0131n Kat\u0131l\u0131m\u0131yla.. Lazkiye El Esad K\u00fclt\u00fcr Evi&#8217;nde Vatan Al \u011ear Korosunun Konseri"},"content":{"rendered":"<p style=\"text-align: justify;\">LAZK\u0130YE &#8211; Lazkiye&#8217;de El Esad K\u00fclt\u00fcr Evi, Engelliler ve Arkada\u015flar\u0131 Derne\u011fi, K\u00fclt\u00fcr M\u00fcd\u00fcrl\u00fc\u011f\u00fc ve Mahmud El Accan M\u00fczik Enstit\u00fcs\u00fc taraf\u0131ndan Suriye Arap Ordusu&#8217;nun yaral\u0131lar\u0131 onuruna Ordu Bayram\u0131 y\u0131l d\u00f6n\u00fcm\u00fc m\u00fcnasebetiyle bir konsere sahne oldu.<\/p>\n<p style=\"text-align: justify;\">Vatan Al \u011ear korosunun sundu\u011fu (Sizlere Selam.. Ku\u015faklar\u0131n Bulu\u015fmas\u0131) ba\u015fl\u0131kl\u0131 konserde, Mahmud El Accan Enstit\u00fcs\u00fc orkestras\u0131 \u00f6\u011frencileri ve Suriye Arap Ordusu&#8217;nun yaral\u0131lar\u0131 bir vatan\u0131n y\u00fcr\u00fcy\u00fc\u015f\u00fcn\u00fc ve hikayesini somutla\u015ft\u0131ran vatani m\u00fczik par\u00e7alar\u0131 ve sanatsal resimler sundu.<\/p>\n<p style=\"text-align: justify;\">Al Accan Enstit\u00fcs\u00fc orkestras\u0131n\u0131n lideri ve \u015fefi ve Vatan Al \u011ear korosu \u015fefi H\u00fcseyin Selhab, SANA muhabirine yapt\u0131\u011f\u0131 a\u00e7\u0131klamada, bu t\u00f6rene kat\u0131l\u0131m\u0131n Suriye Arap Ordusu i\u00e7in bir sevgi g\u00f6stergesi oldu\u011funu s\u00f6yledi.<\/p>\n<p style=\"text-align: justify;\">Selhab, yaral\u0131lar\u0131n\u0131n onuruna, 9-16 ya\u015f aras\u0131 enstit\u00fc orkestras\u0131ndan \u00f6\u011frencilerin kat\u0131l\u0131m\u0131yla, vatan\u0131n in\u015fas\u0131nda ve savunulmas\u0131nda nesillerin yak\u0131nla\u015fmas\u0131 fikrinin vurgulanmas\u0131 amac\u0131yla haz\u0131rl\u0131klar\u0131n 6 ay s\u00fcrd\u00fc\u011f\u00fcn\u00fc anlatt\u0131.<\/p>\n","protected":false},"excerpt":{"rendered":"<p>LAZK\u0130YE &#8211; Lazkiye&#8217;de El Esad K\u00fclt\u00fcr Evi, Engelliler ve Arkada\u015flar\u0131 Derne\u011fi, K\u00fclt\u00fcr M\u00fcd\u00fcrl\u00fc\u011f\u00fc ve Mahmud El Accan M\u00fczik Enstit\u00fcs\u00fc taraf\u0131ndan Suriye Arap Ordusu&#8217;nun yaral\u0131lar\u0131 onuruna Ordu Bayram\u0131 y\u0131l d\u00f6n\u00fcm\u00fc m\u00fcnasebetiyle bir konsere sahne oldu. Vatan Al \u011ear korosunun sundu\u011fu (Sizlere Selam.. Ku\u015faklar\u0131n Bulu\u015fmas\u0131) ba\u015fl\u0131kl\u0131 konserde, Mahmud El Accan Enstit\u00fcs\u00fc orkestras\u0131 \u00f6\u011frencileri ve Suriye Arap Ordusu&#8217;nun &hellip;<\/p>\n","protected":false},"author":1,"featured_media":260049,"comment_status":"closed","ping_status":"closed","sticky":false,"template":"","format":"standard","meta":{"footnotes":""},"categories":[511,17988],"tags":[],"class_list":["post-260048","post","type-post","status-publish","format-standard","has-post-thumbnail","","category-kultur-ve-sanat","category-son-haberler"],"_links":{"self":[{"href":"https:\/\/archive.sana.sy\/tr\/index.php?rest_route=\/wp\/v2\/posts\/260048","targetHints":{"allow":["GET"]}}],"collection":[{"href":"https:\/\/archive.sana.sy\/tr\/index.php?rest_route=\/wp\/v2\/posts"}],"about":[{"href":"https:\/\/archive.sana.sy\/tr\/index.php?rest_route=\/wp\/v2\/types\/post"}],"author":[{"embeddable":true,"href":"https:\/\/archive.sana.sy\/tr\/index.php?rest_route=\/wp\/v2\/users\/1"}],"replies":[{"embeddable":true,"href":"https:\/\/archive.sana.sy\/tr\/index.php?rest_route=%2Fwp%2Fv2%2Fcomments&post=260048"}],"version-history":[{"count":0,"href":"https:\/\/archive.sana.sy\/tr\/index.php?rest_route=\/wp\/v2\/posts\/260048\/revisions"}],"wp:featuredmedia":[{"embeddable":true,"href":"https:\/\/archive.sana.sy\/tr\/index.php?rest_route=\/wp\/v2\/media\/260049"}],"wp:attachment":[{"href":"https:\/\/archive.sana.sy\/tr\/index.php?rest_route=%2Fwp%2Fv2%2Fmedia&parent=260048"}],"wp:term":[{"taxonomy":"category","embeddable":true,"href":"https:\/\/archive.sana.sy\/tr\/index.php?rest_route=%2Fwp%2Fv2%2Fcategories&post=260048"},{"taxonomy":"post_tag","embeddable":true,"href":"https:\/\/archive.sana.sy\/tr\/index.php?rest_route=%2Fwp%2Fv2%2Ftags&post=260048"}],"curies":[{"name":"wp","href":"https:\/\/api.w.org\/{rel}","templated":true}]}}