{"id":260051,"date":"2022-08-05T15:42:47","date_gmt":"2022-08-05T12:42:47","guid":{"rendered":"http:\/\/107.6.182.27\/tr\/?p=260051"},"modified":"2022-08-08T08:21:15","modified_gmt":"2022-08-08T05:21:15","slug":"cin-abd-nukleer-silahlarin-yayilmasini-onleme-anlasmasini-ihlal-ediyor","status":"publish","type":"post","link":"https:\/\/archive.sana.sy\/tr\/?p=260051","title":{"rendered":"\u00c7in: ABD N\u00fckleer Silahlar\u0131n Yay\u0131lmas\u0131n\u0131 \u00d6nleme Anla\u015fmas\u0131&#8217;n\u0131 \u0130hlal Ediyor"},"content":{"rendered":"<p style=\"text-align: justify;\">NEW YORK &#8211; \u00c7in, ABD n\u00fckleer cephaneli\u011finin b\u00f6lgede ve d\u00fcnyada bar\u0131\u015f ve g\u00fcvenli\u011fi tehdit etti\u011fini belirtti.<\/p>\n<p style=\"text-align: justify;\">RIA Novosti haber ajans\u0131, New York&#8217;ta N\u00fckleer Silahlar\u0131n Yay\u0131lmas\u0131n\u0131 \u00d6nleme Antla\u015fmas\u0131&#8217;na Taraf Devletlerin Onuncu G\u00f6zden Ge\u00e7irme Konferans\u0131&#8217;nda \u00c7in temsilcisinin &#8220;Bir s\u00fcper n\u00fckleer g\u00fc\u00e7 olarak Amerika Birle\u015fik Devletleri&#8217;nin muazzam bir n\u00fckleer g\u00fcce sahip oldu\u011funu, b\u00f6lge ve d\u00fcnyada bar\u0131\u015f\u0131 ve g\u00fcvenli\u011fi tehdit etmeye devam eden bu silahlar\u0131n tersanesine sahip oldu\u011funu&#8221; s\u00f6yledi\u011fini aktard\u0131.<\/p>\n<p style=\"text-align: justify;\">Temsilci; &#8220;\u00c7in, kendi ad\u0131na, n\u00fckleer cephaneli\u011fini her zaman ulusal g\u00fcvenli\u011fi korumak i\u00e7in gerekli olan en d\u00fc\u015f\u00fck seviyede tuttu, bir silahlanma yar\u0131\u015f\u0131na kat\u0131lmad\u0131 ve kat\u0131lmayacak ve bir\u00e7ok \u00fclkeyle silahlar\u0131n kontrol\u00fc konusunda diyalog y\u00fcr\u00fct\u00fcyor&#8221; dedi.<\/p>\n<p style=\"text-align: justify;\">\u00c7in temsilcisi, \u201cABD ile de b\u00f6yle bir diyalog vard\u0131, ancak Washington \u00c7in ile ili\u015fkileri rekabet\u00e7i g\u00f6r\u00fcyor ve \u00c7in&#8217;i cayd\u0131rmak ve egemenli\u011fini ve toprak b\u00fct\u00fcnl\u00fc\u011f\u00fcn\u00fc k\u0131s\u0131tlamak i\u00e7in ad\u0131mlar at\u0131yor ve bu imkans\u0131z. Ayr\u0131ca, silahlar\u0131n kontrol\u00fc konusundaki tart\u0131\u015fmalar, \u00c7in-ABD ili\u015fkilerinin t\u00fcm yelpazesinden ayr\u0131 olarak da ger\u00e7ekle\u015femez&#8221; dedi.<\/p>\n<p style=\"text-align: justify;\">\u00c7inli temsilci, Washington&#8217;un N\u00fckleer Silahlar\u0131n Yay\u0131lmas\u0131n\u0131 \u00d6nleme Antla\u015fmas\u0131&#8217;n\u0131 \u00fc\u00e7\u00fcnc\u00fc \u00fclkelere devrederek ihlal etti\u011fini vurgulad\u0131 ve &#8220;N\u00fckleer Silahlar\u0131n Yay\u0131lmas\u0131n\u0131 \u00d6nleme Antla\u015fmas\u0131 uyar\u0131nca, n\u00fckleer g\u00fc\u00e7ler onlar\u0131 ba\u015fka \u00fclkelere devretmeme taahh\u00fcd\u00fcnde bulunduklar\u0131n\u0131, ancak Washington&#8217;un n\u00fckleer silahlar\u0131n ve acil durumlarda sava\u015f u\u00e7aklar\u0131ndan kullan\u0131lmas\u0131na izin verilmesi NPT&#8217;yi ihlal eden bir transfer uygulamas\u0131 oldu\u011funu dile getirdi.<\/p>\n<p style=\"text-align: justify;\">Diplomat, Asya-Pasifik b\u00f6lgesinde n\u00fckleer silahlar\u0131n ortaya \u00e7\u0131kmas\u0131n\u0131n b\u00f6lgesel istikrar\u0131 ciddi \u015fekilde baltalayaca\u011f\u0131n\u0131, n\u00fckleer \u00e7at\u0131\u015fma risklerini art\u0131raca\u011f\u0131n\u0131 ve \u00c7in&#8217;in stratejik \u00e7\u0131karlar\u0131n\u0131 do\u011frudan etkileyece\u011fini vurgulad\u0131.<\/p>\n","protected":false},"excerpt":{"rendered":"<p>NEW YORK &#8211; \u00c7in, ABD n\u00fckleer cephaneli\u011finin b\u00f6lgede ve d\u00fcnyada bar\u0131\u015f ve g\u00fcvenli\u011fi tehdit etti\u011fini belirtti. RIA Novosti haber ajans\u0131, New York&#8217;ta N\u00fckleer Silahlar\u0131n Yay\u0131lmas\u0131n\u0131 \u00d6nleme Antla\u015fmas\u0131&#8217;na Taraf Devletlerin Onuncu G\u00f6zden Ge\u00e7irme Konferans\u0131&#8217;nda \u00c7in temsilcisinin &#8220;Bir s\u00fcper n\u00fckleer g\u00fc\u00e7 olarak Amerika Birle\u015fik Devletleri&#8217;nin muazzam bir n\u00fckleer g\u00fcce sahip oldu\u011funu, b\u00f6lge ve d\u00fcnyada bar\u0131\u015f\u0131 ve g\u00fcvenli\u011fi &hellip;<\/p>\n","protected":false},"author":1,"featured_media":260052,"comment_status":"closed","ping_status":"closed","sticky":false,"template":"","format":"standard","meta":{"footnotes":""},"categories":[458,459,17988],"tags":[],"class_list":["post-260051","post","type-post","status-publish","format-standard","has-post-thumbnail","","category-dunya1","category-haberler-arap-uluslararasi-politika","category-son-haberler"],"_links":{"self":[{"href":"https:\/\/archive.sana.sy\/tr\/index.php?rest_route=\/wp\/v2\/posts\/260051","targetHints":{"allow":["GET"]}}],"collection":[{"href":"https:\/\/archive.sana.sy\/tr\/index.php?rest_route=\/wp\/v2\/posts"}],"about":[{"href":"https:\/\/archive.sana.sy\/tr\/index.php?rest_route=\/wp\/v2\/types\/post"}],"author":[{"embeddable":true,"href":"https:\/\/archive.sana.sy\/tr\/index.php?rest_route=\/wp\/v2\/users\/1"}],"replies":[{"embeddable":true,"href":"https:\/\/archive.sana.sy\/tr\/index.php?rest_route=%2Fwp%2Fv2%2Fcomments&post=260051"}],"version-history":[{"count":0,"href":"https:\/\/archive.sana.sy\/tr\/index.php?rest_route=\/wp\/v2\/posts\/260051\/revisions"}],"wp:featuredmedia":[{"embeddable":true,"href":"https:\/\/archive.sana.sy\/tr\/index.php?rest_route=\/wp\/v2\/media\/260052"}],"wp:attachment":[{"href":"https:\/\/archive.sana.sy\/tr\/index.php?rest_route=%2Fwp%2Fv2%2Fmedia&parent=260051"}],"wp:term":[{"taxonomy":"category","embeddable":true,"href":"https:\/\/archive.sana.sy\/tr\/index.php?rest_route=%2Fwp%2Fv2%2Fcategories&post=260051"},{"taxonomy":"post_tag","embeddable":true,"href":"https:\/\/archive.sana.sy\/tr\/index.php?rest_route=%2Fwp%2Fv2%2Ftags&post=260051"}],"curies":[{"name":"wp","href":"https:\/\/api.w.org\/{rel}","templated":true}]}}