{"id":260057,"date":"2022-08-05T16:04:28","date_gmt":"2022-08-05T13:04:28","guid":{"rendered":"http:\/\/107.6.182.27\/tr\/?p=260057"},"modified":"2022-08-08T08:17:39","modified_gmt":"2022-08-08T05:17:39","slug":"yerel-konsey-secimlerine-adaylik-basvurularinin-teslim-alinmasina-baslandi","status":"publish","type":"post","link":"https:\/\/archive.sana.sy\/tr\/?p=260057","title":{"rendered":"Yerel Konsey Se\u00e7imlerine Adayl\u0131k Ba\u015fvurular\u0131n\u0131n Teslim Al\u0131nmas\u0131na Ba\u015fland\u0131"},"content":{"rendered":"<p style=\"text-align: justify;\">\u015eAM &#8211; 18 Eyl\u00fcl Yerel Konsey Se\u00e7imlerinin tarihini belirleyen 2022 y\u0131l\u0131 216 say\u0131l\u0131 Kanun H\u00fckm\u00fcnde Kararname h\u00fck\u00fcmlerinin uygulanmas\u0131nda mahalli meclis (vali, il, belde, belediye) ba\u015fkanl\u0131klar\u0131na adayl\u0131k ba\u015fvuru s\u00fcreci bug\u00fcn 5 A\u011fustos Cuma g\u00fcn\u00fc ba\u015flay\u0131p 11 A\u011fustos 2022 Per\u015fembe g\u00fcn\u00fc mesai bitimine kadar devam edecek.<\/p>\n<p style=\"text-align: justify;\">Yerel Y\u00f6netim ve \u00c7evre Bakanl\u0131\u011f\u0131 Konseyler ve Yerel Kalk\u0131nma Direkt\u00f6r\u00fc, SANA muhabirine yapt\u0131\u011f\u0131 a\u00e7\u0131klamada, M\u00fchendis \u0130yad Al \u015eam&#8217;a,: &#8220;Valiliklerde olu\u015fturulan yarg\u0131 alt komiteleri, bu hakk\u0131n ba\u015far\u0131s\u0131 i\u00e7in gerekli t\u00fcm malzeme ve te\u00e7hizat\u0131n temin edilmesinin ard\u0131ndan adaylar\u0131n ba\u015fvurular\u0131n\u0131 almaya haz\u0131r hale geldi&#8221; dedi.<\/p>\n<p style=\"text-align: justify;\">Al \u015eam&#8217;a, aday olmak isteyen ki\u015finin her b\u00f6lgeye ve yarg\u0131 komisyonu say\u0131s\u0131na g\u00f6re bu ama\u00e7la olu\u015fturulan yarg\u0131 alt komitelerine yaz\u0131l\u0131 talepte bulunmas\u0131 gerekti\u011fini belirtti.<\/p>\n<p style=\"text-align: justify;\">Al \u015eam&#8217;a, adayl\u0131k ba\u015fvurular\u0131n\u0131n sunulmas\u0131yla temsil edilen ilk a\u015faman\u0131n sorunsuz bir \u015fekilde y\u00fcr\u00fct\u00fclmesini sa\u011flamak i\u00e7in t\u00fcm kadrolar\u0131n yarg\u0131 komitelerinin emrine verildi\u011fini, konseylerini y\u00f6netme ve y\u00fckseltme konusunda yetkinli\u011fe ve deneyime sahip ki\u015filere \u00e7a\u011fr\u0131da bulundu\u011funu a\u00e7\u0131klad\u0131.<\/p>\n<p style=\"text-align: justify;\">E\u015f \u015eam&#8217;a&#8217;ya g\u00f6re, valiliklerdeki genel sekreterlikler tam olarak haz\u0131rlanm\u0131\u015f ve adayl\u0131k i\u00e7in n\u00fcfus kayd\u0131 veya h\u00fck\u00fcm giymemi\u015f bir belge veya di\u011ferlerinin d\u00fczenlenmesi gibi belgeleri veren ilgili t\u00fcm makamlardan tam bir uyar\u0131 var ve bunlar vatanda\u015flar\u0131n adayl\u0131klar\u0131n\u0131 kabul etmelerini kolayla\u015ft\u0131rmak i\u00e7in adaylar\u0131n ba\u015fvurular\u0131n\u0131n al\u0131nd\u0131\u011f\u0131 ilk g\u00fcn Cuma g\u00fcn\u00fc de dahil olmak \u00fczere \u00e7al\u0131\u015fmaya devam etmek \u00fczere da\u011f\u0131t\u0131ld\u0131\u011f\u0131na dikkat \u00e7ekti.<\/p>\n<p style=\"text-align: justify;\">14 il, 158 il, 572 belde ve 726 belediyeye da\u011f\u0131lm\u0131\u015f 1.470 idari birimi bulunuyor.<\/p>\n<p style=\"text-align: justify;\">\n","protected":false},"excerpt":{"rendered":"<p>\u015eAM &#8211; 18 Eyl\u00fcl Yerel Konsey Se\u00e7imlerinin tarihini belirleyen 2022 y\u0131l\u0131 216 say\u0131l\u0131 Kanun H\u00fckm\u00fcnde Kararname h\u00fck\u00fcmlerinin uygulanmas\u0131nda mahalli meclis (vali, il, belde, belediye) ba\u015fkanl\u0131klar\u0131na adayl\u0131k ba\u015fvuru s\u00fcreci bug\u00fcn 5 A\u011fustos Cuma g\u00fcn\u00fc ba\u015flay\u0131p 11 A\u011fustos 2022 Per\u015fembe g\u00fcn\u00fc mesai bitimine kadar devam edecek. Yerel Y\u00f6netim ve \u00c7evre Bakanl\u0131\u011f\u0131 Konseyler ve Yerel Kalk\u0131nma Direkt\u00f6r\u00fc, SANA &hellip;<\/p>\n","protected":false},"author":1,"featured_media":260058,"comment_status":"closed","ping_status":"closed","sticky":false,"template":"","format":"standard","meta":{"footnotes":""},"categories":[479,17988,478],"tags":[],"class_list":["post-260057","post","type-post","status-publish","format-standard","has-post-thumbnail","","category-haberler-yerel","category-son-haberler","category-yerel"],"_links":{"self":[{"href":"https:\/\/archive.sana.sy\/tr\/index.php?rest_route=\/wp\/v2\/posts\/260057","targetHints":{"allow":["GET"]}}],"collection":[{"href":"https:\/\/archive.sana.sy\/tr\/index.php?rest_route=\/wp\/v2\/posts"}],"about":[{"href":"https:\/\/archive.sana.sy\/tr\/index.php?rest_route=\/wp\/v2\/types\/post"}],"author":[{"embeddable":true,"href":"https:\/\/archive.sana.sy\/tr\/index.php?rest_route=\/wp\/v2\/users\/1"}],"replies":[{"embeddable":true,"href":"https:\/\/archive.sana.sy\/tr\/index.php?rest_route=%2Fwp%2Fv2%2Fcomments&post=260057"}],"version-history":[{"count":0,"href":"https:\/\/archive.sana.sy\/tr\/index.php?rest_route=\/wp\/v2\/posts\/260057\/revisions"}],"wp:featuredmedia":[{"embeddable":true,"href":"https:\/\/archive.sana.sy\/tr\/index.php?rest_route=\/wp\/v2\/media\/260058"}],"wp:attachment":[{"href":"https:\/\/archive.sana.sy\/tr\/index.php?rest_route=%2Fwp%2Fv2%2Fmedia&parent=260057"}],"wp:term":[{"taxonomy":"category","embeddable":true,"href":"https:\/\/archive.sana.sy\/tr\/index.php?rest_route=%2Fwp%2Fv2%2Fcategories&post=260057"},{"taxonomy":"post_tag","embeddable":true,"href":"https:\/\/archive.sana.sy\/tr\/index.php?rest_route=%2Fwp%2Fv2%2Ftags&post=260057"}],"curies":[{"name":"wp","href":"https:\/\/api.w.org\/{rel}","templated":true}]}}