{"id":260066,"date":"2022-08-05T16:25:09","date_gmt":"2022-08-05T13:25:09","guid":{"rendered":"http:\/\/107.6.182.27\/tr\/?p=260066"},"modified":"2022-08-07T08:32:16","modified_gmt":"2022-08-07T05:32:16","slug":"rus-savas-ucaklari-suriye-el-badiyesinde-amerikan-isgal-kuvvetlerinin-destekledigi-terorist-yuvalarini-imha-etti","status":"publish","type":"post","link":"https:\/\/archive.sana.sy\/tr\/?p=260066","title":{"rendered":"Rus Sava\u015f U\u00e7aklar\u0131 Suriye El Badiyesi&#8217;nde Amerikan \u0130\u015fgal Kuvvetlerinin Destekledi\u011fi Ter\u00f6rist Yuvalar\u0131n\u0131 \u0130mha Etti"},"content":{"rendered":"<p style=\"text-align: justify;\">MOSKOVA &#8211; Rusya Savunma Bakanl\u0131\u011f\u0131, Rus sava\u015f u\u00e7aklar\u0131n\u0131n Amerikan i\u015fgal kuvvetleri taraf\u0131ndan desteklenen bir ter\u00f6rist grubun saklanma yerlerini imha etti\u011fini ve \u00e7ok say\u0131da \u00fcyesini \u00f6ld\u00fcrd\u00fc\u011f\u00fcn\u00fc ilan etti.<\/p>\n<p style=\"text-align: justify;\">Bakanl\u0131k bug\u00fcn yapt\u0131\u011f\u0131 a\u00e7\u0131klamada, &#8220;4 A\u011fustos&#8217;ta ke\u015fif ve soru\u015fturma operasyonlar\u0131n\u0131n ard\u0131ndan Rus sava\u015f\u00e7\u0131lar\u0131, haz\u0131rlanan inlerde saklanan s\u00f6zde (\u015e\u00fcheda&#8217; el-Qaryatayn Tugay\u0131) militanlar\u0131ndan olu\u015fan bir ter\u00f6r grubunu El Badiye&#8217;de ortadan kald\u0131rd\u0131&#8221; dedi.<\/p>\n<p style=\"text-align: justify;\">Bakanl\u0131k, bu ter\u00f6r \u00f6rg\u00fct\u00fcn\u00fcn karargah\u0131n\u0131n Amerikan i\u015fgal kuvvetleri taraf\u0131ndan i\u015fgal edilen Al Tenf b\u00f6lgesi oldu\u011funu a\u00e7\u0131klayarak, ABD Ordusu \u00f6zel kuvvetlerinden e\u011fitimcilerin grup \u00fcyelerini e\u011fitti\u011fini ve onlara silah sa\u011flad\u0131\u011f\u0131n\u0131 kaydetti.<\/p>\n<p style=\"text-align: justify;\">Bakanl\u0131k, bu ter\u00f6ristlerin El Badiye b\u00f6lgesinde sivil halka kar\u015f\u0131 ter\u00f6r cinayetleri i\u015flediklerine dikkat \u00e7ekti.<\/p>\n<p style=\"text-align: justify;\">\n","protected":false},"excerpt":{"rendered":"<p>MOSKOVA &#8211; Rusya Savunma Bakanl\u0131\u011f\u0131, Rus sava\u015f u\u00e7aklar\u0131n\u0131n Amerikan i\u015fgal kuvvetleri taraf\u0131ndan desteklenen bir ter\u00f6rist grubun saklanma yerlerini imha etti\u011fini ve \u00e7ok say\u0131da \u00fcyesini \u00f6ld\u00fcrd\u00fc\u011f\u00fcn\u00fc ilan etti. Bakanl\u0131k bug\u00fcn yapt\u0131\u011f\u0131 a\u00e7\u0131klamada, &#8220;4 A\u011fustos&#8217;ta ke\u015fif ve soru\u015fturma operasyonlar\u0131n\u0131n ard\u0131ndan Rus sava\u015f\u00e7\u0131lar\u0131, haz\u0131rlanan inlerde saklanan s\u00f6zde (\u015e\u00fcheda&#8217; el-Qaryatayn Tugay\u0131) militanlar\u0131ndan olu\u015fan bir ter\u00f6r grubunu El Badiye&#8217;de ortadan &hellip;<\/p>\n","protected":false},"author":1,"featured_media":260067,"comment_status":"closed","ping_status":"closed","sticky":false,"template":"","format":"standard","meta":{"footnotes":""},"categories":[479,17988,478],"tags":[],"class_list":["post-260066","post","type-post","status-publish","format-standard","has-post-thumbnail","","category-haberler-yerel","category-son-haberler","category-yerel"],"_links":{"self":[{"href":"https:\/\/archive.sana.sy\/tr\/index.php?rest_route=\/wp\/v2\/posts\/260066","targetHints":{"allow":["GET"]}}],"collection":[{"href":"https:\/\/archive.sana.sy\/tr\/index.php?rest_route=\/wp\/v2\/posts"}],"about":[{"href":"https:\/\/archive.sana.sy\/tr\/index.php?rest_route=\/wp\/v2\/types\/post"}],"author":[{"embeddable":true,"href":"https:\/\/archive.sana.sy\/tr\/index.php?rest_route=\/wp\/v2\/users\/1"}],"replies":[{"embeddable":true,"href":"https:\/\/archive.sana.sy\/tr\/index.php?rest_route=%2Fwp%2Fv2%2Fcomments&post=260066"}],"version-history":[{"count":0,"href":"https:\/\/archive.sana.sy\/tr\/index.php?rest_route=\/wp\/v2\/posts\/260066\/revisions"}],"wp:featuredmedia":[{"embeddable":true,"href":"https:\/\/archive.sana.sy\/tr\/index.php?rest_route=\/wp\/v2\/media\/260067"}],"wp:attachment":[{"href":"https:\/\/archive.sana.sy\/tr\/index.php?rest_route=%2Fwp%2Fv2%2Fmedia&parent=260066"}],"wp:term":[{"taxonomy":"category","embeddable":true,"href":"https:\/\/archive.sana.sy\/tr\/index.php?rest_route=%2Fwp%2Fv2%2Fcategories&post=260066"},{"taxonomy":"post_tag","embeddable":true,"href":"https:\/\/archive.sana.sy\/tr\/index.php?rest_route=%2Fwp%2Fv2%2Ftags&post=260066"}],"curies":[{"name":"wp","href":"https:\/\/api.w.org\/{rel}","templated":true}]}}