{"id":260126,"date":"2022-08-06T12:25:32","date_gmt":"2022-08-06T09:25:32","guid":{"rendered":"http:\/\/107.6.182.27\/tr\/?p=260126"},"modified":"2022-08-07T08:37:08","modified_gmt":"2022-08-07T05:37:08","slug":"amerikan-isgali-el-cezire-bolgesinden-petrol-yuklu-yeni-bir-parti-caldi","status":"publish","type":"post","link":"https:\/\/archive.sana.sy\/tr\/?p=260126","title":{"rendered":"Amerikan \u0130\u015fgali El Cezire B\u00f6lgesinden Petrol Y\u00fckl\u00fc Yeni Bir Parti \u00c7ald\u0131"},"content":{"rendered":"<p style=\"text-align: justify;\">HASEKE &#8211; Amerikan i\u015fgal g\u00fc\u00e7leri yine El Cezire sahalar\u0131ndan bir parti Suriye petrol\u00fcn\u00fc \u00e7alarak, burada \u00e7al\u0131nt\u0131 petrolle dolu tanklardan ve \u00e7ok say\u0131da TIR&#8217;dan olu\u015fan bir konvoyu Haseke k\u0131rsal\u0131ndan Irak topraklar\u0131na naklettiler.<\/p>\n<p style=\"text-align: justify;\">Yarubiye k\u0131rsal\u0131ndan yerel kaynaklar SANA muhabirine verdi\u011fi deme\u00e7te, \u00e7o\u011fu \u00e7al\u0131nt\u0131 petrol y\u00fckl\u00fc tankerler, kamyonlar ve Amerikan i\u015fgaline ait kapal\u0131 tankerlerden olu\u015fan 60 ara\u00e7l\u0131k bir konvoyun d\u00fcn gece Haseke k\u0131rsal\u0131ndan Irak topraklar\u0131na yasad\u0131\u015f\u0131 Al Velid ge\u00e7idi \u00fczerinden y\u00f6neldi\u011fini aktard\u0131.<\/p>\n","protected":false},"excerpt":{"rendered":"<p>HASEKE &#8211; Amerikan i\u015fgal g\u00fc\u00e7leri yine El Cezire sahalar\u0131ndan bir parti Suriye petrol\u00fcn\u00fc \u00e7alarak, burada \u00e7al\u0131nt\u0131 petrolle dolu tanklardan ve \u00e7ok say\u0131da TIR&#8217;dan olu\u015fan bir konvoyu Haseke k\u0131rsal\u0131ndan Irak topraklar\u0131na naklettiler. Yarubiye k\u0131rsal\u0131ndan yerel kaynaklar SANA muhabirine verdi\u011fi deme\u00e7te, \u00e7o\u011fu \u00e7al\u0131nt\u0131 petrol y\u00fckl\u00fc tankerler, kamyonlar ve Amerikan i\u015fgaline ait kapal\u0131 tankerlerden olu\u015fan 60 ara\u00e7l\u0131k bir &hellip;<\/p>\n","protected":false},"author":1,"featured_media":260127,"comment_status":"closed","ping_status":"closed","sticky":false,"template":"","format":"standard","meta":{"footnotes":""},"categories":[479,575,17988,478],"tags":[],"class_list":["post-260126","post","type-post","status-publish","format-standard","has-post-thumbnail","","category-haberler-yerel","category-olaylar-ve-gercekler","category-son-haberler","category-yerel"],"_links":{"self":[{"href":"https:\/\/archive.sana.sy\/tr\/index.php?rest_route=\/wp\/v2\/posts\/260126","targetHints":{"allow":["GET"]}}],"collection":[{"href":"https:\/\/archive.sana.sy\/tr\/index.php?rest_route=\/wp\/v2\/posts"}],"about":[{"href":"https:\/\/archive.sana.sy\/tr\/index.php?rest_route=\/wp\/v2\/types\/post"}],"author":[{"embeddable":true,"href":"https:\/\/archive.sana.sy\/tr\/index.php?rest_route=\/wp\/v2\/users\/1"}],"replies":[{"embeddable":true,"href":"https:\/\/archive.sana.sy\/tr\/index.php?rest_route=%2Fwp%2Fv2%2Fcomments&post=260126"}],"version-history":[{"count":0,"href":"https:\/\/archive.sana.sy\/tr\/index.php?rest_route=\/wp\/v2\/posts\/260126\/revisions"}],"wp:featuredmedia":[{"embeddable":true,"href":"https:\/\/archive.sana.sy\/tr\/index.php?rest_route=\/wp\/v2\/media\/260127"}],"wp:attachment":[{"href":"https:\/\/archive.sana.sy\/tr\/index.php?rest_route=%2Fwp%2Fv2%2Fmedia&parent=260126"}],"wp:term":[{"taxonomy":"category","embeddable":true,"href":"https:\/\/archive.sana.sy\/tr\/index.php?rest_route=%2Fwp%2Fv2%2Fcategories&post=260126"},{"taxonomy":"post_tag","embeddable":true,"href":"https:\/\/archive.sana.sy\/tr\/index.php?rest_route=%2Fwp%2Fv2%2Ftags&post=260126"}],"curies":[{"name":"wp","href":"https:\/\/api.w.org\/{rel}","templated":true}]}}