{"id":260136,"date":"2022-08-06T19:46:54","date_gmt":"2022-08-06T16:46:54","guid":{"rendered":"http:\/\/107.6.182.27\/tr\/?p=260136"},"modified":"2022-08-07T08:37:58","modified_gmt":"2022-08-07T05:37:58","slug":"suriyede-en-buyuk-otelcilik-okulu-homsta-acildi","status":"publish","type":"post","link":"https:\/\/archive.sana.sy\/tr\/?p=260136","title":{"rendered":"Suriye&#8217;de En B\u00fcy\u00fck Otelcilik Okulu Homs&#8217;ta A\u00e7\u0131ld\u0131"},"content":{"rendered":"<p style=\"text-align: justify;\">HOMS \u2013 Turizm Bakan\u0131 M\u00fchendis Muhammed Rami R\u0131dvan Martini bug\u00fcn, t\u00fcm illerde kalite standartlar\u0131na ve insani de\u011ferlere uygun olarak turizm sekt\u00f6r\u00fcn\u00fcn yeniden imar\u0131 ve geli\u015ftirilmesi plan\u0131 kapsam\u0131nda gelen Homs&#8217;un Al-Vair semtindeki Otelcilik Meslek Y\u00fcksekokulu&#8217;nun a\u00e7\u0131l\u0131\u015f\u0131n\u0131 yapt\u0131.<\/p>\n<p style=\"text-align: justify;\">Martini d\u00fczenledi\u011fi bas\u0131n toplant\u0131s\u0131nda, okulun a\u00e7\u0131l\u0131\u015f\u0131n\u0131n Suriye&#8217;ye sava\u015f sonucunda durdurulan turizm projelerinin devam\u0131 niteli\u011finde oldu\u011funu, bunlar\u0131n uygulanmas\u0131nda turizm ve otelcilik e\u011fitim \u00f6\u011fretim sekt\u00f6r\u00fcndeki en y\u00fcksek uluslararas\u0131 standartlar\u0131n dikkate al\u0131nd\u0131\u011f\u0131n\u0131 belirtti.<\/p>\n<p style=\"text-align: justify;\">Bakan, mevcut e\u011fitim \u00f6\u011fretim y\u0131l\u0131n\u0131n ba\u015f\u0131nda okumak isteyenleri alacak olan okulun, yakla\u015f\u0131k 600 \u00f6\u011frenciyi bar\u0131nd\u0131rabilecek nitelikte oldu\u011funu ve otel i\u015fletmecili\u011fi i\u00e7in gerekli t\u00fcm donan\u0131ma sahip oldu\u011funu ve bundan daha fazlas\u0131na yat\u0131r\u0131m yap\u0131labilece\u011fini belirterek, okulun ve di\u011fer e\u011fitim tesislerinin elektrik i\u00e7in alternatif enerji sistemleriyle donat\u0131lmas\u0131 ve \u00e7e\u015fitli ko\u015fullarda \u00e7al\u0131\u015fmalar\u0131n\u0131n geli\u015ftirilmesine katk\u0131da bulunacak bir plan oldu\u011funa dikkat \u00e7ekti.<\/p>\n<p style=\"text-align: justify;\">Homs Turizm M\u00fcd\u00fcr\u00fc Melek Abbas ise, otelcilik -profesyonel okulunun, \u00f6\u011frencilerin i\u015fg\u00fcc\u00fc piyasas\u0131na girmelerini sa\u011flamak i\u00e7in gerekli oldu\u011funu, bunun da turizm hizmetlerinin kalitesinin iyile\u015ftirilmesine ve turizm \u00e7al\u0131\u015fmalar\u0131n\u0131n ger\u00e7ekli\u011finin y\u00fckseltilmesine katk\u0131da bulundu\u011funu a\u00e7\u0131klad\u0131.<\/p>\n<p style=\"text-align: justify;\">Okulun m\u00fcd\u00fcr\u00fc M\u00fchendis Re\u015fa Tevfik \u015eiha, okulun 5.000 metrekarelik bir alana sahip oldu\u011funu ve 18 derslik i\u00e7erdi\u011fini, idari salon ve b\u00f6l\u00fcmlerin yan\u0131 s\u0131ra mutfak, lokanta ve otel hizmetleri i\u00e7in geni\u015f bir uygulama alan\u0131 sa\u011flarken, \u00f6\u011frenciye mezun olduktan hemen sonra \u00e7al\u0131\u015fmaya haz\u0131r hale gelmesi i\u00e7in geni\u015f bir uygulama e\u011fitimi alan\u0131 sa\u011flad\u0131\u011f\u0131na dikkat \u00e7ekti.<\/p>\n<p style=\"text-align: justify;\">Bat\u0131 k\u0131rsal\u0131ndaki Marmaritta&#8217;da Turizm Bakan\u0131, Turizm M\u00fcd\u00fcr\u00fc, bir dizi gurbet\u00e7i ve b\u00f6lge halk\u0131n\u0131n huzurunda tatil beldesinin (Kamar al Vadi) a\u00e7\u0131l\u0131\u015f\u0131n\u0131 yapt\u0131.<\/p>\n<p style=\"text-align: justify;\">Turizm m\u00fcd\u00fcr yard\u0131mc\u0131s\u0131 M\u00fchendis \u011eusun Kassis, deneme ama\u00e7l\u0131 olarak \u00fc\u00e7 ayl\u0131k bir s\u00fcreli\u011fine hizmete a\u00e7\u0131lan kompleksinin 3.000 metrekareden 1.200 metrekarelik yerle\u015fim alan\u0131na sahip oldu\u011funu, i\u00e7erisinde, 3 y\u0131ld\u0131z restaurant ve havuz bulundu\u011funu a\u00e7\u0131klad\u0131.<\/p>\n","protected":false},"excerpt":{"rendered":"<p>HOMS \u2013 Turizm Bakan\u0131 M\u00fchendis Muhammed Rami R\u0131dvan Martini bug\u00fcn, t\u00fcm illerde kalite standartlar\u0131na ve insani de\u011ferlere uygun olarak turizm sekt\u00f6r\u00fcn\u00fcn yeniden imar\u0131 ve geli\u015ftirilmesi plan\u0131 kapsam\u0131nda gelen Homs&#8217;un Al-Vair semtindeki Otelcilik Meslek Y\u00fcksekokulu&#8217;nun a\u00e7\u0131l\u0131\u015f\u0131n\u0131 yapt\u0131. Martini d\u00fczenledi\u011fi bas\u0131n toplant\u0131s\u0131nda, okulun a\u00e7\u0131l\u0131\u015f\u0131n\u0131n Suriye&#8217;ye sava\u015f sonucunda durdurulan turizm projelerinin devam\u0131 niteli\u011finde oldu\u011funu, bunlar\u0131n uygulanmas\u0131nda turizm ve &hellip;<\/p>\n","protected":false},"author":1,"featured_media":260137,"comment_status":"closed","ping_status":"closed","sticky":false,"template":"","format":"standard","meta":{"footnotes":""},"categories":[479,17988,525,478],"tags":[],"class_list":["post-260136","post","type-post","status-publish","format-standard","has-post-thumbnail","","category-haberler-yerel","category-son-haberler","category-toplum","category-yerel"],"_links":{"self":[{"href":"https:\/\/archive.sana.sy\/tr\/index.php?rest_route=\/wp\/v2\/posts\/260136","targetHints":{"allow":["GET"]}}],"collection":[{"href":"https:\/\/archive.sana.sy\/tr\/index.php?rest_route=\/wp\/v2\/posts"}],"about":[{"href":"https:\/\/archive.sana.sy\/tr\/index.php?rest_route=\/wp\/v2\/types\/post"}],"author":[{"embeddable":true,"href":"https:\/\/archive.sana.sy\/tr\/index.php?rest_route=\/wp\/v2\/users\/1"}],"replies":[{"embeddable":true,"href":"https:\/\/archive.sana.sy\/tr\/index.php?rest_route=%2Fwp%2Fv2%2Fcomments&post=260136"}],"version-history":[{"count":0,"href":"https:\/\/archive.sana.sy\/tr\/index.php?rest_route=\/wp\/v2\/posts\/260136\/revisions"}],"wp:featuredmedia":[{"embeddable":true,"href":"https:\/\/archive.sana.sy\/tr\/index.php?rest_route=\/wp\/v2\/media\/260137"}],"wp:attachment":[{"href":"https:\/\/archive.sana.sy\/tr\/index.php?rest_route=%2Fwp%2Fv2%2Fmedia&parent=260136"}],"wp:term":[{"taxonomy":"category","embeddable":true,"href":"https:\/\/archive.sana.sy\/tr\/index.php?rest_route=%2Fwp%2Fv2%2Fcategories&post=260136"},{"taxonomy":"post_tag","embeddable":true,"href":"https:\/\/archive.sana.sy\/tr\/index.php?rest_route=%2Fwp%2Fv2%2Ftags&post=260136"}],"curies":[{"name":"wp","href":"https:\/\/api.w.org\/{rel}","templated":true}]}}