{"id":260139,"date":"2022-08-06T19:54:03","date_gmt":"2022-08-06T16:54:03","guid":{"rendered":"http:\/\/107.6.182.27\/tr\/?p=260139"},"modified":"2022-08-07T08:38:22","modified_gmt":"2022-08-07T05:38:22","slug":"deyrizor-kirsalinda-dsg-milislerinin-kursunlariyla-2-sivil-yaralandi","status":"publish","type":"post","link":"https:\/\/archive.sana.sy\/tr\/?p=260139","title":{"rendered":"Deyrizor K\u0131rsal\u0131nda DSG Milislerinin Kur\u015funlar\u0131yla 2 Sivil Yaraland\u0131"},"content":{"rendered":"<p style=\"text-align: justify;\">DEYREZZOR &#8211; Deyrezzor&#8217;un bat\u0131 k\u0131rsal\u0131ndaki Cezzat Al Bu Hamid beldesinde, kasabaya bask\u0131n d\u00fczenleyerek \u00e7ok say\u0131da genci ka\u00e7\u0131rmaya \u00e7al\u0131\u015f\u0131rken Amerikan i\u015fgaline ba\u011fl\u0131 DSG milislerinin a\u00e7t\u0131\u011f\u0131 ate\u015f sonucu iki sivil yaraland\u0131.<\/p>\n<p style=\"text-align: justify;\">Yerel kaynaklar SANA muhabirine a\u00e7\u0131klamalar\u0131nda: &#8220;Deyrezzor&#8217;un bat\u0131 k\u0131rsal\u0131ndaki Cezrat el Buhamid belde ahalisi, yakla\u015f\u0131k iki saat s\u00fcren ve ahalinin belde pazar\u0131ndaki iki milis kontrol noktas\u0131n\u0131n kontrol\u00fcn\u00fc ele ge\u00e7irmeleriyle sonu\u00e7lanan silahl\u0131 \u00e7at\u0131\u015fmalar\u0131n ard\u0131ndan (DSG) milislerine ba\u011fl\u0131 silahl\u0131 bir grubu kovduklar\u0131n\u0131&#8221; s\u00f6yledi.<\/p>\n<p style=\"text-align: justify;\">Kaynaklar, \u00e7at\u0131\u015fmalar\u0131n, silahl\u0131 milislerin gen\u00e7 bir adam\u0131 tutuklamaya ve zorunlu askerlik kamplar\u0131na s\u00fcrmeye \u00e7al\u0131\u015f\u0131rken sald\u0131rmalar\u0131yla ba\u015flad\u0131\u011f\u0131n\u0131, sonucunda ahaliden iki DSG milislerinden 3&#8217;\u00fcn\u00fcn yaralanmas\u0131yla sonu\u00e7land\u0131\u011f\u0131n\u0131 ifade etti.<\/p>\n<p style=\"text-align: justify;\">Kaynaklar, (DSG) milislerinin, halk\u0131n bu milislerin beldeye d\u00f6n\u00fc\u015flerini reddetmesi \u0131\u015f\u0131\u011f\u0131nda, g\u00fcvenlik gerilimine tan\u0131k olan beldeye b\u00fcy\u00fck askeri takviyeler getirdi\u011fini belirtti.<\/p>\n","protected":false},"excerpt":{"rendered":"<p>DEYREZZOR &#8211; Deyrezzor&#8217;un bat\u0131 k\u0131rsal\u0131ndaki Cezzat Al Bu Hamid beldesinde, kasabaya bask\u0131n d\u00fczenleyerek \u00e7ok say\u0131da genci ka\u00e7\u0131rmaya \u00e7al\u0131\u015f\u0131rken Amerikan i\u015fgaline ba\u011fl\u0131 DSG milislerinin a\u00e7t\u0131\u011f\u0131 ate\u015f sonucu iki sivil yaraland\u0131. Yerel kaynaklar SANA muhabirine a\u00e7\u0131klamalar\u0131nda: &#8220;Deyrezzor&#8217;un bat\u0131 k\u0131rsal\u0131ndaki Cezrat el Buhamid belde ahalisi, yakla\u015f\u0131k iki saat s\u00fcren ve ahalinin belde pazar\u0131ndaki iki milis kontrol noktas\u0131n\u0131n kontrol\u00fcn\u00fc &hellip;<\/p>\n","protected":false},"author":1,"featured_media":260140,"comment_status":"closed","ping_status":"closed","sticky":false,"template":"","format":"standard","meta":{"footnotes":""},"categories":[479,575,17988,478],"tags":[],"class_list":["post-260139","post","type-post","status-publish","format-standard","has-post-thumbnail","","category-haberler-yerel","category-olaylar-ve-gercekler","category-son-haberler","category-yerel"],"_links":{"self":[{"href":"https:\/\/archive.sana.sy\/tr\/index.php?rest_route=\/wp\/v2\/posts\/260139","targetHints":{"allow":["GET"]}}],"collection":[{"href":"https:\/\/archive.sana.sy\/tr\/index.php?rest_route=\/wp\/v2\/posts"}],"about":[{"href":"https:\/\/archive.sana.sy\/tr\/index.php?rest_route=\/wp\/v2\/types\/post"}],"author":[{"embeddable":true,"href":"https:\/\/archive.sana.sy\/tr\/index.php?rest_route=\/wp\/v2\/users\/1"}],"replies":[{"embeddable":true,"href":"https:\/\/archive.sana.sy\/tr\/index.php?rest_route=%2Fwp%2Fv2%2Fcomments&post=260139"}],"version-history":[{"count":0,"href":"https:\/\/archive.sana.sy\/tr\/index.php?rest_route=\/wp\/v2\/posts\/260139\/revisions"}],"wp:featuredmedia":[{"embeddable":true,"href":"https:\/\/archive.sana.sy\/tr\/index.php?rest_route=\/wp\/v2\/media\/260140"}],"wp:attachment":[{"href":"https:\/\/archive.sana.sy\/tr\/index.php?rest_route=%2Fwp%2Fv2%2Fmedia&parent=260139"}],"wp:term":[{"taxonomy":"category","embeddable":true,"href":"https:\/\/archive.sana.sy\/tr\/index.php?rest_route=%2Fwp%2Fv2%2Fcategories&post=260139"},{"taxonomy":"post_tag","embeddable":true,"href":"https:\/\/archive.sana.sy\/tr\/index.php?rest_route=%2Fwp%2Fv2%2Ftags&post=260139"}],"curies":[{"name":"wp","href":"https:\/\/api.w.org\/{rel}","templated":true}]}}