{"id":260178,"date":"2022-08-08T08:42:32","date_gmt":"2022-08-08T05:42:32","guid":{"rendered":"http:\/\/107.6.182.27\/tr\/?p=260178"},"modified":"2022-08-09T08:35:50","modified_gmt":"2022-08-09T05:35:50","slug":"mikdad-ve-abdullehyan-suriye-ve-iranin-filistin-davasina-yonelik-saglam-ve-destekleyici-tutumlarini-teyit-ediyor","status":"publish","type":"post","link":"https:\/\/archive.sana.sy\/tr\/?p=260178","title":{"rendered":"Mikdad ve Abd\u00fcllehyan, Suriye ve \u0130ran&#8217;\u0131n Filistin Davas\u0131na Y\u00f6nelik Sa\u011flam Ve Destekleyici Tutumlar\u0131n\u0131 Teyit Ediyor"},"content":{"rendered":"<p>\u015eAM \u2013 D\u0131\u015fi\u015fleri ve Gurbet\u00e7iler Bakan\u0131 Faysal El Mikdad, \u0130ran D\u0131\u015fi\u015fleri Bakan\u0131 H\u00fcseyin Emir Abd\u00fcllehyan&#8217;dan bir telefon ald\u0131 ve bu s\u0131rada Siyonist varl\u0131k g\u00fc\u00e7leri taraf\u0131ndan Gazze Kesimi\u2019nde Filistin halk\u0131na kar\u015f\u0131 i\u015fledi\u011fi su\u00e7lar\u0131 ele ald\u0131lar.<\/p>\n<p>\u0130ki taraf, \u00fclkelerinin Siyonist sald\u0131rganl\u0131k kar\u015f\u0131s\u0131nda Filistin halk\u0131n\u0131n kararl\u0131l\u0131\u011f\u0131na tam deste\u011fini ve Filistinlilerin me\u015fru haklar\u0131n\u0131 geri alma haklar\u0131na y\u00f6nelik kararl\u0131 duru\u015flar\u0131n\u0131 dile getirdi.<\/p>\n<p>Bakan El Mikdad, Suriye&#8217;nin ya\u015fam ve \u00f6zg\u00fcrl\u00fck haklar\u0131n\u0131 savunan Filistinli karde\u015fleri desteklemeye ve yan\u0131nda olmaya devam etti\u011fini do\u011frulad\u0131.<\/p>\n<p>Bakan El Mikdad, Filistin topraklar\u0131nda \u015fu anda olan her \u015feyin Filistinli karde\u015flerden ulusal d\u00fczeyde ve uluslararas\u0131 toplum nezdinde birlik ve karar alma s\u00fcrecini sa\u011flamak i\u00e7in daha fazla \u00e7al\u0131\u015fmas\u0131n\u0131 gerektirdi\u011fini vurgulad\u0131.<\/p>\n<p>Buna kar\u015f\u0131l\u0131k Bakan Abd\u00fcllehyan, \u0130ran \u0130slam Cumhuriyeti&#8217;nin bu sald\u0131rganl\u0131\u011fa kar\u015f\u0131 Filistin halk\u0131n\u0131n yan\u0131nda oldu\u011funu do\u011frulad\u0131.<\/p>\n<p>Abd\u00fcllehyan, Suriye ve \u0130ran&#8217;\u0131n Filistin sorununa ve iki dost ve karde\u015f \u00fclkeyi ilgilendiren di\u011fer \u00f6nemli konulara kar\u015f\u0131 duru\u015funun birli\u011fine dikkat \u00e7ekti.<\/p>\n<p><span style=\"color: #0000ff;\">#Telegram_Kanal\u0131m\u0131z: https:\/\/t.me\/SuriyeArapHaberAjans<\/span><\/p>\n","protected":false},"excerpt":{"rendered":"<p>\u015eAM \u2013 D\u0131\u015fi\u015fleri ve Gurbet\u00e7iler Bakan\u0131 Faysal El Mikdad, \u0130ran D\u0131\u015fi\u015fleri Bakan\u0131 H\u00fcseyin Emir Abd\u00fcllehyan&#8217;dan bir telefon ald\u0131 ve bu s\u0131rada Siyonist varl\u0131k g\u00fc\u00e7leri taraf\u0131ndan Gazze Kesimi\u2019nde Filistin halk\u0131na kar\u015f\u0131 i\u015fledi\u011fi su\u00e7lar\u0131 ele ald\u0131lar. \u0130ki taraf, \u00fclkelerinin Siyonist sald\u0131rganl\u0131k kar\u015f\u0131s\u0131nda Filistin halk\u0131n\u0131n kararl\u0131l\u0131\u011f\u0131na tam deste\u011fini ve Filistinlilerin me\u015fru haklar\u0131n\u0131 geri alma haklar\u0131na y\u00f6nelik kararl\u0131 duru\u015flar\u0131n\u0131 &hellip;<\/p>\n","protected":false},"author":36,"featured_media":260179,"comment_status":"closed","ping_status":"closed","sticky":false,"template":"","format":"standard","meta":{"footnotes":""},"categories":[479,17988,478],"tags":[],"class_list":["post-260178","post","type-post","status-publish","format-standard","has-post-thumbnail","","category-haberler-yerel","category-son-haberler","category-yerel"],"_links":{"self":[{"href":"https:\/\/archive.sana.sy\/tr\/index.php?rest_route=\/wp\/v2\/posts\/260178","targetHints":{"allow":["GET"]}}],"collection":[{"href":"https:\/\/archive.sana.sy\/tr\/index.php?rest_route=\/wp\/v2\/posts"}],"about":[{"href":"https:\/\/archive.sana.sy\/tr\/index.php?rest_route=\/wp\/v2\/types\/post"}],"author":[{"embeddable":true,"href":"https:\/\/archive.sana.sy\/tr\/index.php?rest_route=\/wp\/v2\/users\/36"}],"replies":[{"embeddable":true,"href":"https:\/\/archive.sana.sy\/tr\/index.php?rest_route=%2Fwp%2Fv2%2Fcomments&post=260178"}],"version-history":[{"count":0,"href":"https:\/\/archive.sana.sy\/tr\/index.php?rest_route=\/wp\/v2\/posts\/260178\/revisions"}],"wp:featuredmedia":[{"embeddable":true,"href":"https:\/\/archive.sana.sy\/tr\/index.php?rest_route=\/wp\/v2\/media\/260179"}],"wp:attachment":[{"href":"https:\/\/archive.sana.sy\/tr\/index.php?rest_route=%2Fwp%2Fv2%2Fmedia&parent=260178"}],"wp:term":[{"taxonomy":"category","embeddable":true,"href":"https:\/\/archive.sana.sy\/tr\/index.php?rest_route=%2Fwp%2Fv2%2Fcategories&post=260178"},{"taxonomy":"post_tag","embeddable":true,"href":"https:\/\/archive.sana.sy\/tr\/index.php?rest_route=%2Fwp%2Fv2%2Ftags&post=260178"}],"curies":[{"name":"wp","href":"https:\/\/api.w.org\/{rel}","templated":true}]}}