{"id":260190,"date":"2022-08-08T09:51:18","date_gmt":"2022-08-08T06:51:18","guid":{"rendered":"http:\/\/107.6.182.27\/tr\/?p=260190"},"modified":"2022-08-09T08:36:54","modified_gmt":"2022-08-09T05:36:54","slug":"turk-isgal-gucleri-haseke-kirsalina-saldirdi","status":"publish","type":"post","link":"https:\/\/archive.sana.sy\/tr\/?p=260190","title":{"rendered":"T\u00fcrk \u0130\u015fgal G\u00fc\u00e7leri, Haseke K\u0131rsal\u0131na Sald\u0131rd\u0131"},"content":{"rendered":"<p>HASEKE &#8211; T\u00fcrk i\u015fgal g\u00fc\u00e7leri ve ter\u00f6r \u00f6rg\u00fctlerine ba\u011fl\u0131 \u00e7eteleri, Haseke\u2019nin kuzey k\u0131rsal\u0131ndaki El Dirbasiyye ve Ebu Raseyn b\u00f6lgelerine y\u00f6nelik sald\u0131r\u0131lar\u0131n\u0131 yo\u011funla\u015ft\u0131rd\u0131 ve a\u011f\u0131r top\u00e7u ate\u015fi a\u00e7t\u0131.<\/p>\n<p>SANA muhabiri, T\u00fcrk i\u015fgal g\u00fc\u00e7leri ve ter\u00f6rist \u00e7etelerinin, Haseke k\u0131rsal\u0131ndaki El Dirbasiye\u2019nin bat\u0131s\u0131ndaki Catal k\u00f6y\u00fcn\u00fc a\u011f\u0131r toplarla bombalad\u0131\u011f\u0131n\u0131 belirtirken, bunun birka\u00e7 ev ve m\u00fclk\u00fcn hasar g\u00f6rmesine yol a\u00e7t\u0131\u011f\u0131n\u0131 belirtti.<\/p>\n<p>Muhabir Ayr\u0131ca, ac\u0131mas\u0131z T\u00fcrk sald\u0131r\u0131s\u0131n\u0131n, Catal k\u00f6y\u00fc ahalilerinin kuzey k\u0131rsal\u0131ndaki kom\u015fu k\u00f6ylere do\u011fru g\u00f6\u00e7 etmelerine yol a\u00e7t\u0131\u011f\u0131n\u0131 dile getirdi.<\/p>\n<p>T\u00fcrk i\u015fgal g\u00fc\u00e7lerin&#8217;n sald\u0131r\u0131lar\u0131 kapsam\u0131nda kuzey k\u0131rsal\u0131ndaki Ebu Raseyn beldesinde yer alan \u201cSyriatel\u201d ileti\u015fim kulesini f\u00fczelerle hedef almas\u0131 sonucunda kulenin \u00fcst k\u0131sm\u0131 \u00e7\u00f6kt\u00fc.<\/p>\n<p><a class=\"oajrlxb2 g5ia77u1 qu0x051f esr5mh6w e9989ue4 r7d6kgcz rq0escxv nhd2j8a9 nc684nl6 p7hjln8o kvgmc6g5 cxmmr5t8 oygrvhab hcukyx3x jb3vyjys rz4wbd8a qt6c0cv9 a8nywdso i1ao9s8h esuyzwwr f1sip0of lzcic4wl gpro0wi8 q66pz984 b1v8xokw\" tabindex=\"0\" role=\"link\" href=\"https:\/\/www.facebook.com\/hashtag\/telegram_kanal%C4%B1m%C4%B1z?__eep__=6&amp;__cft__[0]=AZXzSdkklVgAeEM3cEO2yQPoQ3vIlcrvU2BIDZ1I69A0sSSEnowtF5AmEAVB_QziO1Ecedh68qfdTSl8RbJoUYXYcMuPGfjMl1vf8EJbC55lsNqFKIthj5EqjSj_w45wIP0&amp;__tn__=*NK-R\">#Telegram_Kanal\u0131m\u0131z<\/a>: <a class=\"oajrlxb2 g5ia77u1 qu0x051f esr5mh6w e9989ue4 r7d6kgcz rq0escxv nhd2j8a9 nc684nl6 p7hjln8o kvgmc6g5 cxmmr5t8 oygrvhab hcukyx3x jb3vyjys rz4wbd8a qt6c0cv9 a8nywdso i1ao9s8h esuyzwwr f1sip0of lzcic4wl gpro0wi8 py34i1dx\" tabindex=\"0\" role=\"link\" href=\"https:\/\/t.me\/SuriyeArapHaberAjans?fbclid=IwAR0DMJPLA6lh5VAspPTab9jdgX9d3J2etSAU6PKW4nsKYpnHflRoDLeZNuc\" target=\"_blank\" rel=\"nofollow noopener\">https:\/\/t.me\/SuriyeArapHaberAjans<\/a><\/p>\n","protected":false},"excerpt":{"rendered":"<p>HASEKE &#8211; T\u00fcrk i\u015fgal g\u00fc\u00e7leri ve ter\u00f6r \u00f6rg\u00fctlerine ba\u011fl\u0131 \u00e7eteleri, Haseke\u2019nin kuzey k\u0131rsal\u0131ndaki El Dirbasiyye ve Ebu Raseyn b\u00f6lgelerine y\u00f6nelik sald\u0131r\u0131lar\u0131n\u0131 yo\u011funla\u015ft\u0131rd\u0131 ve a\u011f\u0131r top\u00e7u ate\u015fi a\u00e7t\u0131. SANA muhabiri, T\u00fcrk i\u015fgal g\u00fc\u00e7leri ve ter\u00f6rist \u00e7etelerinin, Haseke k\u0131rsal\u0131ndaki El Dirbasiye\u2019nin bat\u0131s\u0131ndaki Catal k\u00f6y\u00fcn\u00fc a\u011f\u0131r toplarla bombalad\u0131\u011f\u0131n\u0131 belirtirken, bunun birka\u00e7 ev ve m\u00fclk\u00fcn hasar g\u00f6rmesine yol a\u00e7t\u0131\u011f\u0131n\u0131 &hellip;<\/p>\n","protected":false},"author":39,"featured_media":260191,"comment_status":"closed","ping_status":"closed","sticky":false,"template":"","format":"standard","meta":{"footnotes":""},"categories":[479,575,17988,478],"tags":[],"class_list":["post-260190","post","type-post","status-publish","format-standard","has-post-thumbnail","","category-haberler-yerel","category-olaylar-ve-gercekler","category-son-haberler","category-yerel"],"_links":{"self":[{"href":"https:\/\/archive.sana.sy\/tr\/index.php?rest_route=\/wp\/v2\/posts\/260190","targetHints":{"allow":["GET"]}}],"collection":[{"href":"https:\/\/archive.sana.sy\/tr\/index.php?rest_route=\/wp\/v2\/posts"}],"about":[{"href":"https:\/\/archive.sana.sy\/tr\/index.php?rest_route=\/wp\/v2\/types\/post"}],"author":[{"embeddable":true,"href":"https:\/\/archive.sana.sy\/tr\/index.php?rest_route=\/wp\/v2\/users\/39"}],"replies":[{"embeddable":true,"href":"https:\/\/archive.sana.sy\/tr\/index.php?rest_route=%2Fwp%2Fv2%2Fcomments&post=260190"}],"version-history":[{"count":0,"href":"https:\/\/archive.sana.sy\/tr\/index.php?rest_route=\/wp\/v2\/posts\/260190\/revisions"}],"wp:featuredmedia":[{"embeddable":true,"href":"https:\/\/archive.sana.sy\/tr\/index.php?rest_route=\/wp\/v2\/media\/260191"}],"wp:attachment":[{"href":"https:\/\/archive.sana.sy\/tr\/index.php?rest_route=%2Fwp%2Fv2%2Fmedia&parent=260190"}],"wp:term":[{"taxonomy":"category","embeddable":true,"href":"https:\/\/archive.sana.sy\/tr\/index.php?rest_route=%2Fwp%2Fv2%2Fcategories&post=260190"},{"taxonomy":"post_tag","embeddable":true,"href":"https:\/\/archive.sana.sy\/tr\/index.php?rest_route=%2Fwp%2Fv2%2Ftags&post=260190"}],"curies":[{"name":"wp","href":"https:\/\/api.w.org\/{rel}","templated":true}]}}