{"id":260215,"date":"2022-08-07T22:57:56","date_gmt":"2022-08-07T19:57:56","guid":{"rendered":"http:\/\/107.6.182.27\/tr\/?p=260215"},"modified":"2022-08-09T08:36:02","modified_gmt":"2022-08-09T05:36:02","slug":"nahhale-filistin-halki-ve-direnisi-dusman-israil-saldirilarina-karsi-tarihi-basari-elde-etti","status":"publish","type":"post","link":"https:\/\/archive.sana.sy\/tr\/?p=260215","title":{"rendered":"Nahhale: Filistin Halk\u0131 Ve Direni\u015fi D\u00fc\u015fman \u0130srail Sald\u0131r\u0131lar\u0131na Kar\u015f\u0131 Tarihi Ba\u015far\u0131 Elde Etti"},"content":{"rendered":"<p>TAHRAN \u2013 Filistinli El Cihad Hareketi Genel Sekreteri Ziyad Nahhale, meydanlar\u0131n birli\u011fini, direni\u015fin hayatta kalmas\u0131n\u0131 ve \u0130srail d\u00fc\u015fman hapishanelerinden iki mahkumun serbest b\u0131rak\u0131lmas\u0131n\u0131n dayat\u0131lmas\u0131n\u0131 temsil eden Filistin halk\u0131n\u0131n ve Filistin direni\u015finin \u0130srail&#8217;in Gazze Kesimi&#8217;ne y\u00f6nelik sald\u0131rganl\u0131\u011f\u0131na kar\u015f\u0131 koymada tarihi bir ba\u015far\u0131 elde etti\u011fini belirtti.<\/p>\n<p>Nahhale bug\u00fcn d\u00fczenledi\u011fi bas\u0131n toplant\u0131s\u0131nda, Siyonist d\u00fc\u015fman\u0131n, El Cihad Hareketi ve onun askeri kanad\u0131 Saraya el Kuds&#8217;un (Kud\u00fcs Tugaylar\u0131) tasfiyesi olan sald\u0131rganl\u0131\u011f\u0131n\u0131n a\u00e7\u0131k bir slogan\u0131n\u0131 y\u00fckseltti\u011fini, ancak hareketin bug\u00fcn d\u00fc\u015fmanla g\u00fc\u00e7 dengesinin farkl\u0131 olmas\u0131na ra\u011fmen daha g\u00fc\u00e7l\u00fc oldu\u011funu a\u00e7\u0131klad\u0131.<\/p>\n<p>Ayr\u0131ca, t\u00fcm yerle\u015fim birimleri ve askeri b\u00f6lgeleri direni\u015fin f\u00fczelerinin menzili i\u00e7inde oldu\u011funa dikkat \u00e7ekti.<\/p>\n<p>Nahhale, M\u0131s\u0131r&#8217;\u0131n arac\u0131l\u0131k etti\u011fi Siyonist d\u00fc\u015fmanla ate\u015fkesin, i\u015fgalin iki mahkum, Khalil Al Avavda ve Bessam Al Saadi&#8217;yi serbest b\u0131rakma taahh\u00fcd\u00fcn\u00fc i\u00e7erdi\u011fine dikkat \u00e7ekerek, Al Avavda&#8217;n\u0131n do\u011frudan hastaneye ve ard\u0131ndan eve g\u00f6t\u00fcr\u00fclece\u011fini belirten M\u0131s\u0131r taraf\u0131n\u0131n, Al Saadi&#8217;nin bir hafta i\u00e7inde serbest b\u0131rak\u0131lmas\u0131 i\u00e7in \u00e7al\u0131\u015fma s\u00f6z\u00fc verdi\u011fini a\u00e7\u0131klad\u0131.<\/p>\n<p>Nahhale, d\u00fc\u015fman\u0131n \u00fczerinde anla\u015fmaya var\u0131lanlara uymamas\u0131 halinde direni\u015fin sava\u015fmaya devam edece\u011fini vurgulad\u0131.<\/p>\n<p><a class=\"oajrlxb2 g5ia77u1 qu0x051f esr5mh6w e9989ue4 r7d6kgcz rq0escxv nhd2j8a9 nc684nl6 p7hjln8o kvgmc6g5 cxmmr5t8 oygrvhab hcukyx3x jb3vyjys rz4wbd8a qt6c0cv9 a8nywdso i1ao9s8h esuyzwwr f1sip0of lzcic4wl gpro0wi8 q66pz984 b1v8xokw\" tabindex=\"0\" role=\"link\" href=\"https:\/\/www.facebook.com\/hashtag\/telegram_kanal%C4%B1m%C4%B1z?__eep__=6&amp;__cft__[0]=AZXhXKHtf0cQ_1HwHbeVuoEdLh9sFXR5CrvykRjKdZ7-jnkebJOj0VTuPDg99yadwCX6iWuf7ofCkgBQXOIwyzLdiAeEOkxv-L36oYSkNNj9hup34biXBUEg5jR-oilLNKnUHpY73MdQLvuQ2immNS0-2r9Bxw8QggBF0otruNg8uw&amp;__tn__=*NK-R\">#Telegram_Kanal\u0131m\u0131z<\/a>: <a class=\"oajrlxb2 g5ia77u1 qu0x051f esr5mh6w e9989ue4 r7d6kgcz rq0escxv nhd2j8a9 nc684nl6 p7hjln8o kvgmc6g5 cxmmr5t8 oygrvhab hcukyx3x jb3vyjys rz4wbd8a qt6c0cv9 a8nywdso i1ao9s8h esuyzwwr f1sip0of lzcic4wl gpro0wi8 py34i1dx\" tabindex=\"0\" role=\"link\" href=\"https:\/\/l.facebook.com\/l.php?u=https%3A%2F%2Ft.me%2FSuriyeArapHaberAjans%3Ffbclid%3DIwAR0-SweDNl28ZecavcFQ7lyQuF-lbvgvZIVDRHa7mzn3wOoHMLNSX72Kuzw&amp;h=AT0gMB8kabeKeG1XqmO_maxRhT05ebfmo0ZTM0LGiF_Fxql8ew6kAM8b3s2iitUHXbqSTW8XoV00Ze0wQyk1VKRj0kjvDaE3Mb42fc9QMex3DsA8m31uHGwwBxAkB0A4CZU&amp;__tn__=-UK-R&amp;c[0]=AT2VOTq5O_Ff1ZcRY4EXaRaBrothgN9elORsb3SESnuLsGrUx9EzZgZkVfruplx1QPmB4ltIXYTuBW5YGN3C13Jr3MK2-3lhAd8PUs4yPPl4behz83RJOA4xDgxItSyJZoKJmQV09-FFj599gacoFHoIY_cHPGdUbE-6zXZp3ZvG4y0pdm95bhGBTIqiJSPiIK1nmJb_\" target=\"_blank\" rel=\"nofollow noopener\">https:\/\/t.me\/SuriyeArapHaberAjans<\/a><\/p>\n","protected":false},"excerpt":{"rendered":"<p>TAHRAN \u2013 Filistinli El Cihad Hareketi Genel Sekreteri Ziyad Nahhale, meydanlar\u0131n birli\u011fini, direni\u015fin hayatta kalmas\u0131n\u0131 ve \u0130srail d\u00fc\u015fman hapishanelerinden iki mahkumun serbest b\u0131rak\u0131lmas\u0131n\u0131n dayat\u0131lmas\u0131n\u0131 temsil eden Filistin halk\u0131n\u0131n ve Filistin direni\u015finin \u0130srail&#8217;in Gazze Kesimi&#8217;ne y\u00f6nelik sald\u0131rganl\u0131\u011f\u0131na kar\u015f\u0131 koymada tarihi bir ba\u015far\u0131 elde etti\u011fini belirtti. Nahhale bug\u00fcn d\u00fczenledi\u011fi bas\u0131n toplant\u0131s\u0131nda, Siyonist d\u00fc\u015fman\u0131n, El Cihad Hareketi ve &hellip;<\/p>\n","protected":false},"author":1,"featured_media":260216,"comment_status":"closed","ping_status":"closed","sticky":false,"template":"","format":"standard","meta":{"footnotes":""},"categories":[458,459,17988],"tags":[],"class_list":["post-260215","post","type-post","status-publish","format-standard","has-post-thumbnail","","category-dunya1","category-haberler-arap-uluslararasi-politika","category-son-haberler"],"_links":{"self":[{"href":"https:\/\/archive.sana.sy\/tr\/index.php?rest_route=\/wp\/v2\/posts\/260215","targetHints":{"allow":["GET"]}}],"collection":[{"href":"https:\/\/archive.sana.sy\/tr\/index.php?rest_route=\/wp\/v2\/posts"}],"about":[{"href":"https:\/\/archive.sana.sy\/tr\/index.php?rest_route=\/wp\/v2\/types\/post"}],"author":[{"embeddable":true,"href":"https:\/\/archive.sana.sy\/tr\/index.php?rest_route=\/wp\/v2\/users\/1"}],"replies":[{"embeddable":true,"href":"https:\/\/archive.sana.sy\/tr\/index.php?rest_route=%2Fwp%2Fv2%2Fcomments&post=260215"}],"version-history":[{"count":0,"href":"https:\/\/archive.sana.sy\/tr\/index.php?rest_route=\/wp\/v2\/posts\/260215\/revisions"}],"wp:featuredmedia":[{"embeddable":true,"href":"https:\/\/archive.sana.sy\/tr\/index.php?rest_route=\/wp\/v2\/media\/260216"}],"wp:attachment":[{"href":"https:\/\/archive.sana.sy\/tr\/index.php?rest_route=%2Fwp%2Fv2%2Fmedia&parent=260215"}],"wp:term":[{"taxonomy":"category","embeddable":true,"href":"https:\/\/archive.sana.sy\/tr\/index.php?rest_route=%2Fwp%2Fv2%2Fcategories&post=260215"},{"taxonomy":"post_tag","embeddable":true,"href":"https:\/\/archive.sana.sy\/tr\/index.php?rest_route=%2Fwp%2Fv2%2Ftags&post=260215"}],"curies":[{"name":"wp","href":"https:\/\/api.w.org\/{rel}","templated":true}]}}