{"id":260233,"date":"2022-08-09T09:45:42","date_gmt":"2022-08-09T06:45:42","guid":{"rendered":"http:\/\/107.6.182.27\/tr\/?p=260233"},"modified":"2022-08-10T08:43:19","modified_gmt":"2022-08-10T05:43:19","slug":"nablus-kentinde-israil-isgal-baskinlarinda-30-filistinli-yaralandi","status":"publish","type":"post","link":"https:\/\/archive.sana.sy\/tr\/?p=260233","title":{"rendered":"Nablus Kentinde \u0130srail \u0130\u015fgal Bask\u0131nlar\u0131nda 30 Filistinli Yaraland\u0131"},"content":{"rendered":"<p>\u0130\u015eGAL ED\u0130LEN KUD\u00dcS \u2013 Bat\u0131 Yaka\u2019n\u0131n Nablus kentinde i\u015fgalci \u0130srail kuvvetlerinin bask\u0131nlar\u0131 sonucunda 30 Filistinli yaraland\u0131.<\/p>\n<p>Filistinli WAFA\u00a0 Haber Ajans\u0131, i\u015fgal ordusunun b\u00fcy\u00fck g\u00fc\u00e7lerinin Nablus&#8217;taki eski beldesinin do\u011fu mahallesine bask\u0131n d\u00fczenledi\u011fini belirtirken, binalar\u0131 ku\u015fatt\u0131\u011f\u0131n\u0131 ve Filistinlilere ate\u015f a\u00e7arak, baz\u0131lar\u0131 a\u011f\u0131r 30 ki\u015fiyi yaralad\u0131\u011f\u0131n\u0131 ve ambulans ekiplerinin b\u00f6lgeye ula\u015fmas\u0131n\u0131 engelledi\u011fine i\u015faret etti.<\/p>\n<p>\u0130srail i\u015fgal g\u00fc\u00e7leri, Bat\u0131 Yaka&#8217;da Ramallah&#8217;\u0131n do\u011fusundaki Berka k\u00f6y\u00fcn\u00fc bask\u0131n d\u00fczenledi, \u00a0Filistinlilere kur\u015fun ve zehirli bombalar\u0131yla sald\u0131rd\u0131, ancak yaralanan olmad\u0131\u011f\u0131 belirtti.<\/p>\n<p><a class=\"oajrlxb2 g5ia77u1 qu0x051f esr5mh6w e9989ue4 r7d6kgcz rq0escxv nhd2j8a9 nc684nl6 p7hjln8o kvgmc6g5 cxmmr5t8 oygrvhab hcukyx3x jb3vyjys rz4wbd8a qt6c0cv9 a8nywdso i1ao9s8h esuyzwwr f1sip0of lzcic4wl gpro0wi8 q66pz984 b1v8xokw\" tabindex=\"0\" role=\"link\" href=\"https:\/\/www.facebook.com\/hashtag\/telegram_kanal%C4%B1m%C4%B1z?__eep__=6&amp;__cft__[0]=AZUnyVKBxc1HfvzhJRY07RriI0ucZopqSNHnzX-5B7wwiaqMULvzuADdyKZfaNJQbfHMV8XsWehvgE9YQXLf2rCnlYZyvAYyASRYWlW0xORup1gjCZVz5cCZknRaNQQq9R0&amp;__tn__=*NK-R\">#Telegram_Kanal\u0131m\u0131z<\/a>: <a class=\"oajrlxb2 g5ia77u1 qu0x051f esr5mh6w e9989ue4 r7d6kgcz rq0escxv nhd2j8a9 nc684nl6 p7hjln8o kvgmc6g5 cxmmr5t8 oygrvhab hcukyx3x jb3vyjys rz4wbd8a qt6c0cv9 a8nywdso i1ao9s8h esuyzwwr f1sip0of lzcic4wl gpro0wi8 py34i1dx\" tabindex=\"0\" role=\"link\" href=\"https:\/\/t.me\/SuriyeArapHaberAjans?fbclid=IwAR1eBWnjCcF7bkKq4wLnXy_O6tNNeF3b7czF2itzoKhBvt8_X2wA6EAN2vU\" target=\"_blank\" rel=\"nofollow noopener\">https:\/\/t.me\/SuriyeArapHaberAjans<\/a><\/p>\n","protected":false},"excerpt":{"rendered":"<p>\u0130\u015eGAL ED\u0130LEN KUD\u00dcS \u2013 Bat\u0131 Yaka\u2019n\u0131n Nablus kentinde i\u015fgalci \u0130srail kuvvetlerinin bask\u0131nlar\u0131 sonucunda 30 Filistinli yaraland\u0131. Filistinli WAFA\u00a0 Haber Ajans\u0131, i\u015fgal ordusunun b\u00fcy\u00fck g\u00fc\u00e7lerinin Nablus&#8217;taki eski beldesinin do\u011fu mahallesine bask\u0131n d\u00fczenledi\u011fini belirtirken, binalar\u0131 ku\u015fatt\u0131\u011f\u0131n\u0131 ve Filistinlilere ate\u015f a\u00e7arak, baz\u0131lar\u0131 a\u011f\u0131r 30 ki\u015fiyi yaralad\u0131\u011f\u0131n\u0131 ve ambulans ekiplerinin b\u00f6lgeye ula\u015fmas\u0131n\u0131 engelledi\u011fine i\u015faret etti. \u0130srail i\u015fgal g\u00fc\u00e7leri, Bat\u0131 &hellip;<\/p>\n","protected":false},"author":39,"featured_media":260234,"comment_status":"closed","ping_status":"closed","sticky":false,"template":"","format":"standard","meta":{"footnotes":""},"categories":[458,459,17988],"tags":[],"class_list":["post-260233","post","type-post","status-publish","format-standard","has-post-thumbnail","","category-dunya1","category-haberler-arap-uluslararasi-politika","category-son-haberler"],"_links":{"self":[{"href":"https:\/\/archive.sana.sy\/tr\/index.php?rest_route=\/wp\/v2\/posts\/260233","targetHints":{"allow":["GET"]}}],"collection":[{"href":"https:\/\/archive.sana.sy\/tr\/index.php?rest_route=\/wp\/v2\/posts"}],"about":[{"href":"https:\/\/archive.sana.sy\/tr\/index.php?rest_route=\/wp\/v2\/types\/post"}],"author":[{"embeddable":true,"href":"https:\/\/archive.sana.sy\/tr\/index.php?rest_route=\/wp\/v2\/users\/39"}],"replies":[{"embeddable":true,"href":"https:\/\/archive.sana.sy\/tr\/index.php?rest_route=%2Fwp%2Fv2%2Fcomments&post=260233"}],"version-history":[{"count":0,"href":"https:\/\/archive.sana.sy\/tr\/index.php?rest_route=\/wp\/v2\/posts\/260233\/revisions"}],"wp:featuredmedia":[{"embeddable":true,"href":"https:\/\/archive.sana.sy\/tr\/index.php?rest_route=\/wp\/v2\/media\/260234"}],"wp:attachment":[{"href":"https:\/\/archive.sana.sy\/tr\/index.php?rest_route=%2Fwp%2Fv2%2Fmedia&parent=260233"}],"wp:term":[{"taxonomy":"category","embeddable":true,"href":"https:\/\/archive.sana.sy\/tr\/index.php?rest_route=%2Fwp%2Fv2%2Fcategories&post=260233"},{"taxonomy":"post_tag","embeddable":true,"href":"https:\/\/archive.sana.sy\/tr\/index.php?rest_route=%2Fwp%2Fv2%2Ftags&post=260233"}],"curies":[{"name":"wp","href":"https:\/\/api.w.org\/{rel}","templated":true}]}}