{"id":260236,"date":"2022-08-09T09:48:47","date_gmt":"2022-08-09T06:48:47","guid":{"rendered":"http:\/\/107.6.182.27\/tr\/?p=260236"},"modified":"2022-08-10T09:23:14","modified_gmt":"2022-08-10T06:23:14","slug":"donbassi-korumak-icin-rusya-ozel-askeri-operasyonu-4","status":"publish","type":"post","link":"https:\/\/archive.sana.sy\/tr\/?p=260236","title":{"rendered":"Donbass\u2019\u0131 Korumak \u0130\u00e7in Rusya \u00d6zel Askeri Operasyonu"},"content":{"rendered":"<ul>\n<li>Ukrayna kuvvetleri Donetsk b\u00f6lgesini Grad f\u00fczeleriyle bombalad\u0131.<\/li>\n<li>Zaporocye b\u00f6lgesi, i\u00e7inde Rus yasalar\u0131n\u0131n uygulanmaya ba\u015flad\u0131\u011f\u0131n\u0131 ilan etti.<\/li>\n<\/ul>\n<p><a class=\"oajrlxb2 g5ia77u1 qu0x051f esr5mh6w e9989ue4 r7d6kgcz rq0escxv nhd2j8a9 nc684nl6 p7hjln8o kvgmc6g5 cxmmr5t8 oygrvhab hcukyx3x jb3vyjys rz4wbd8a qt6c0cv9 a8nywdso i1ao9s8h esuyzwwr f1sip0of lzcic4wl gpro0wi8 q66pz984 b1v8xokw\" tabindex=\"0\" role=\"link\" href=\"https:\/\/www.facebook.com\/hashtag\/telegram_kanal%C4%B1m%C4%B1z?__eep__=6&amp;__cft__[0]=AZUnyVKBxc1HfvzhJRY07RriI0ucZopqSNHnzX-5B7wwiaqMULvzuADdyKZfaNJQbfHMV8XsWehvgE9YQXLf2rCnlYZyvAYyASRYWlW0xORup1gjCZVz5cCZknRaNQQq9R0&amp;__tn__=*NK-R\">#Telegram_Kanal\u0131m\u0131z<\/a>: <a class=\"oajrlxb2 g5ia77u1 qu0x051f esr5mh6w e9989ue4 r7d6kgcz rq0escxv nhd2j8a9 nc684nl6 p7hjln8o kvgmc6g5 cxmmr5t8 oygrvhab hcukyx3x jb3vyjys rz4wbd8a qt6c0cv9 a8nywdso i1ao9s8h esuyzwwr f1sip0of lzcic4wl gpro0wi8 py34i1dx\" tabindex=\"0\" role=\"link\" href=\"https:\/\/l.facebook.com\/l.php?u=https%3A%2F%2Ft.me%2FSuriyeArapHaberAjans%3Ffbclid%3DIwAR1eBWnjCcF7bkKq4wLnXy_O6tNNeF3b7czF2itzoKhBvt8_X2wA6EAN2vU&amp;h=AT2VwPG3DX_sSiVWPi9tqV5xfa7F_sYjFIFo1s91Wt2anTtXuctaonzYHxSo3VoSwY4_gvLm1a4qyLsdgplii_mEBtWsx3MF3xoqS38NUZ2MykVQgA0Iu83ql-Z8uroG7Kc&amp;__tn__=-UK-R&amp;c[0]=AT0baGdOY-oGBZxa08O2fr6K2jgURYoe-Vt8yLvm_sm9Y5vM_nybBu_AQdi9IBes90p8f7mSPgCjpJIY1Cd0JSR8eux98iiOectC5CFs6LXPQwpcLcRW-K86UhG5E814YXRjGHTgfdc1OCtnVXgwNBZN_A\" target=\"_blank\" rel=\"nofollow noopener\">https:\/\/t.me\/SuriyeArapHaberAjans<\/a><\/p>\n","protected":false},"excerpt":{"rendered":"<p>Ukrayna kuvvetleri Donetsk b\u00f6lgesini Grad f\u00fczeleriyle bombalad\u0131. Zaporocye b\u00f6lgesi, i\u00e7inde Rus yasalar\u0131n\u0131n uygulanmaya ba\u015flad\u0131\u011f\u0131n\u0131 ilan etti. #Telegram_Kanal\u0131m\u0131z: https:\/\/t.me\/SuriyeArapHaberAjans<\/p>\n","protected":false},"author":39,"featured_media":260237,"comment_status":"closed","ping_status":"closed","sticky":false,"template":"","format":"standard","meta":{"footnotes":""},"categories":[458,459,17988],"tags":[],"class_list":["post-260236","post","type-post","status-publish","format-standard","has-post-thumbnail","","category-dunya1","category-haberler-arap-uluslararasi-politika","category-son-haberler"],"_links":{"self":[{"href":"https:\/\/archive.sana.sy\/tr\/index.php?rest_route=\/wp\/v2\/posts\/260236","targetHints":{"allow":["GET"]}}],"collection":[{"href":"https:\/\/archive.sana.sy\/tr\/index.php?rest_route=\/wp\/v2\/posts"}],"about":[{"href":"https:\/\/archive.sana.sy\/tr\/index.php?rest_route=\/wp\/v2\/types\/post"}],"author":[{"embeddable":true,"href":"https:\/\/archive.sana.sy\/tr\/index.php?rest_route=\/wp\/v2\/users\/39"}],"replies":[{"embeddable":true,"href":"https:\/\/archive.sana.sy\/tr\/index.php?rest_route=%2Fwp%2Fv2%2Fcomments&post=260236"}],"version-history":[{"count":0,"href":"https:\/\/archive.sana.sy\/tr\/index.php?rest_route=\/wp\/v2\/posts\/260236\/revisions"}],"wp:featuredmedia":[{"embeddable":true,"href":"https:\/\/archive.sana.sy\/tr\/index.php?rest_route=\/wp\/v2\/media\/260237"}],"wp:attachment":[{"href":"https:\/\/archive.sana.sy\/tr\/index.php?rest_route=%2Fwp%2Fv2%2Fmedia&parent=260236"}],"wp:term":[{"taxonomy":"category","embeddable":true,"href":"https:\/\/archive.sana.sy\/tr\/index.php?rest_route=%2Fwp%2Fv2%2Fcategories&post=260236"},{"taxonomy":"post_tag","embeddable":true,"href":"https:\/\/archive.sana.sy\/tr\/index.php?rest_route=%2Fwp%2Fv2%2Ftags&post=260236"}],"curies":[{"name":"wp","href":"https:\/\/api.w.org\/{rel}","templated":true}]}}