{"id":260245,"date":"2022-08-09T12:06:38","date_gmt":"2022-08-09T09:06:38","guid":{"rendered":"http:\/\/107.6.182.27\/tr\/?p=260245"},"modified":"2022-08-10T08:44:01","modified_gmt":"2022-08-10T05:44:01","slug":"rusya-abdyi-diger-ulkelerden-nukleer-silahlarini-geri-cekmeye-cagirdi","status":"publish","type":"post","link":"https:\/\/archive.sana.sy\/tr\/?p=260245","title":{"rendered":"Rusya, ABD&#8217;yi Di\u011fer \u00dclkelerden N\u00fckleer Silahlar\u0131n\u0131 Geri \u00c7ekmeye \u00c7a\u011f\u0131rd\u0131"},"content":{"rendered":"<p>MOSKOVA &#8211; Rusya D\u0131\u015fi\u015fleri Bakanl\u0131\u011f\u0131 bug\u00fcn ABD&#8217;yi n\u00fckleer silahlar\u0131n\u0131 di\u011fer \u00fclkelerden geri \u00e7ekmeye \u00e7a\u011f\u0131rd\u0131.<\/p>\n<p>Rusya&#8217;n\u0131n RIA Novosti haber ajans\u0131n\u0131n aktard\u0131\u011f\u0131na g\u00f6re, Bakanl\u0131\u011f\u0131n Yay\u0131lmay\u0131 \u00d6nleme ve Silah Kontrol Dairesi Ba\u015fkan Yard\u0131mc\u0131s\u0131 Igor Vishnevitsky, N\u00fckleer Silahlar\u0131n Yay\u0131lmas\u0131n\u0131 \u00d6nleme Antla\u015fmas\u0131na \u00f6zel G\u00f6zden Ge\u00e7irme Konferans\u0131 s\u0131ras\u0131nda, &#8220;ABD&#8217;nin n\u00fckleer silahlar\u0131 kendi topraklar\u0131na transfer edilmelidir&#8221; dedi.<\/p>\n<p>Kuzey Atlantik Antla\u015fmas\u0131 \u00d6rg\u00fct\u00fc&#8217;n\u00fcn (NATO) kendisini a\u00e7\u0131k\u00e7a n\u00fckleer ittifak ilan etti\u011fine ve ABD n\u00fckleer silahlar\u0131n\u0131n n\u00fckleer olmayan \u00fclkelerin topraklar\u0131nda bulundu\u011funu ve bunlar\u0131 kullanmak \u00fczere e\u011fitildiklerini belirtti.<\/p>\n<p>Vishnevitsky, bunun g\u00fcvenli\u011fi olumsuz etkileyen, n\u00fckleer \u00e7at\u0131\u015fma riskini art\u0131ran ve n\u00fckleer silahs\u0131zlanmay\u0131 engelleyen bir fakt\u00f6r oldu\u011funu belirterek: &#8220;Amerika Birle\u015fik Devletleri, \u0130ngiltere ve Avustralya&#8217;n\u0131n Okos ittifak\u0131, Asya-Pasifik b\u00f6lgesindeki silahlanma yar\u0131\u015f\u0131n\u0131n yeni bir b\u00f6l\u00fcm\u00fcn\u00fcn temelini at\u0131yor&#8221; dedi.<\/p>\n<p><a class=\"oajrlxb2 g5ia77u1 qu0x051f esr5mh6w e9989ue4 r7d6kgcz rq0escxv nhd2j8a9 nc684nl6 p7hjln8o kvgmc6g5 cxmmr5t8 oygrvhab hcukyx3x jb3vyjys rz4wbd8a qt6c0cv9 a8nywdso i1ao9s8h esuyzwwr f1sip0of lzcic4wl gpro0wi8 q66pz984 b1v8xokw\" tabindex=\"0\" role=\"link\" href=\"https:\/\/www.facebook.com\/hashtag\/telegram_kanal%C4%B1m%C4%B1z?__eep__=6&amp;__cft__[0]=AZV-ngBbRUllgm_IDp5oQQubwUYcgfBRibMwYZLL_r2eIZU2hdPDLZIv1dJ70aULggNRo_cFVfG-yQhYHM4E3qw2M3gz57AYCyYNo-engOSbO_QwjpW7akV4Lc5Yux635_o&amp;__tn__=*NK-R\">#Telegram_Kanal\u0131m\u0131z<\/a>: <a class=\"oajrlxb2 g5ia77u1 qu0x051f esr5mh6w e9989ue4 r7d6kgcz rq0escxv nhd2j8a9 nc684nl6 p7hjln8o kvgmc6g5 cxmmr5t8 oygrvhab hcukyx3x jb3vyjys rz4wbd8a qt6c0cv9 a8nywdso i1ao9s8h esuyzwwr f1sip0of lzcic4wl gpro0wi8 py34i1dx\" tabindex=\"0\" role=\"link\" href=\"https:\/\/t.me\/SuriyeArapHaberAjans?fbclid=IwAR3EoSgMWkHt8TGBW3MKhFJMyEkK9rW5mvuqYY3RiJWCBL2956Zx2mJF7IY\" target=\"_blank\" rel=\"nofollow noopener\">https:\/\/t.me\/SuriyeArapHaberAjans<\/a><\/p>\n","protected":false},"excerpt":{"rendered":"<p>MOSKOVA &#8211; Rusya D\u0131\u015fi\u015fleri Bakanl\u0131\u011f\u0131 bug\u00fcn ABD&#8217;yi n\u00fckleer silahlar\u0131n\u0131 di\u011fer \u00fclkelerden geri \u00e7ekmeye \u00e7a\u011f\u0131rd\u0131. Rusya&#8217;n\u0131n RIA Novosti haber ajans\u0131n\u0131n aktard\u0131\u011f\u0131na g\u00f6re, Bakanl\u0131\u011f\u0131n Yay\u0131lmay\u0131 \u00d6nleme ve Silah Kontrol Dairesi Ba\u015fkan Yard\u0131mc\u0131s\u0131 Igor Vishnevitsky, N\u00fckleer Silahlar\u0131n Yay\u0131lmas\u0131n\u0131 \u00d6nleme Antla\u015fmas\u0131na \u00f6zel G\u00f6zden Ge\u00e7irme Konferans\u0131 s\u0131ras\u0131nda, &#8220;ABD&#8217;nin n\u00fckleer silahlar\u0131 kendi topraklar\u0131na transfer edilmelidir&#8221; dedi. Kuzey Atlantik Antla\u015fmas\u0131 \u00d6rg\u00fct\u00fc&#8217;n\u00fcn (NATO) &hellip;<\/p>\n","protected":false},"author":1,"featured_media":260246,"comment_status":"closed","ping_status":"closed","sticky":false,"template":"","format":"standard","meta":{"footnotes":""},"categories":[458,459,17988],"tags":[],"class_list":["post-260245","post","type-post","status-publish","format-standard","has-post-thumbnail","","category-dunya1","category-haberler-arap-uluslararasi-politika","category-son-haberler"],"_links":{"self":[{"href":"https:\/\/archive.sana.sy\/tr\/index.php?rest_route=\/wp\/v2\/posts\/260245","targetHints":{"allow":["GET"]}}],"collection":[{"href":"https:\/\/archive.sana.sy\/tr\/index.php?rest_route=\/wp\/v2\/posts"}],"about":[{"href":"https:\/\/archive.sana.sy\/tr\/index.php?rest_route=\/wp\/v2\/types\/post"}],"author":[{"embeddable":true,"href":"https:\/\/archive.sana.sy\/tr\/index.php?rest_route=\/wp\/v2\/users\/1"}],"replies":[{"embeddable":true,"href":"https:\/\/archive.sana.sy\/tr\/index.php?rest_route=%2Fwp%2Fv2%2Fcomments&post=260245"}],"version-history":[{"count":0,"href":"https:\/\/archive.sana.sy\/tr\/index.php?rest_route=\/wp\/v2\/posts\/260245\/revisions"}],"wp:featuredmedia":[{"embeddable":true,"href":"https:\/\/archive.sana.sy\/tr\/index.php?rest_route=\/wp\/v2\/media\/260246"}],"wp:attachment":[{"href":"https:\/\/archive.sana.sy\/tr\/index.php?rest_route=%2Fwp%2Fv2%2Fmedia&parent=260245"}],"wp:term":[{"taxonomy":"category","embeddable":true,"href":"https:\/\/archive.sana.sy\/tr\/index.php?rest_route=%2Fwp%2Fv2%2Fcategories&post=260245"},{"taxonomy":"post_tag","embeddable":true,"href":"https:\/\/archive.sana.sy\/tr\/index.php?rest_route=%2Fwp%2Fv2%2Ftags&post=260245"}],"curies":[{"name":"wp","href":"https:\/\/api.w.org\/{rel}","templated":true}]}}