{"id":26031,"date":"2015-03-09T12:11:15","date_gmt":"2015-03-09T10:11:15","guid":{"rendered":"http:\/\/www.sana.sy\/tr\/?p=26031"},"modified":"2015-03-09T12:11:15","modified_gmt":"2015-03-09T10:11:15","slug":"askeri-kaynak-ordu-birliklerimizin-homs-kirsali-um-el-tebabir-koyu-kuzeybatisindaki-ebla-gaz-hattina-yonelik-isid-teroristlerinin-duzenledigi-saldiri-girisimlerini-cokerttiklerini-belirtti","status":"publish","type":"post","link":"https:\/\/archive.sana.sy\/tr\/?p=26031","title":{"rendered":"Askeri kaynak, ordu birliklerimizin Homs k\u0131rsal\u0131 Um el Tebabir K\u00f6y\u00fc kuzeybat\u0131s\u0131ndaki Ebla Gaz hatt\u0131na y\u00f6nelik I\u015e\u0130D ter\u00f6ristlerinin d\u00fczenledi\u011fi sald\u0131r\u0131 giri\u015fimlerini \u00e7\u00f6kerttiklerini belirtti."},"content":{"rendered":"<p>Askeri kaynak, ordu birliklerimizin Homs k\u0131rsal\u0131 Um el Tebabir K\u00f6y\u00fc kuzeybat\u0131s\u0131ndaki Ebla Gaz hatt\u0131na y\u00f6nelik I\u015e\u0130D ter\u00f6ristlerinin d\u00fczenledi\u011fi sald\u0131r\u0131 giri\u015fimlerini \u00e7\u00f6kerttiklerini belirtti.<\/p>\n","protected":false},"excerpt":{"rendered":"<p>Askeri kaynak, ordu birliklerimizin Homs k\u0131rsal\u0131 Um el Tebabir K\u00f6y\u00fc kuzeybat\u0131s\u0131ndaki Ebla Gaz hatt\u0131na y\u00f6nelik I\u015e\u0130D ter\u00f6ristlerinin d\u00fczenledi\u011fi sald\u0131r\u0131 giri\u015fimlerini \u00e7\u00f6kerttiklerini belirtti.<\/p>\n","protected":false},"author":1,"featured_media":0,"comment_status":"closed","ping_status":"closed","sticky":false,"template":"","format":"standard","meta":{"footnotes":""},"categories":[1],"tags":[1031,12341],"class_list":["post-26031","post","type-post","status-publish","format-standard","","category-news-not-sorted","tag-askeri-kaynak","tag-ordu-birliklerimizin-homs-kirsali-um-el-tebabir-koyu-kuzeybatisindaki-ebla-gaz-hattina-yonelik-isid-teroristlerinin-duzenledigi-saldiri-girisimlerini-cokerttiklerini-belirtti"],"_links":{"self":[{"href":"https:\/\/archive.sana.sy\/tr\/index.php?rest_route=\/wp\/v2\/posts\/26031","targetHints":{"allow":["GET"]}}],"collection":[{"href":"https:\/\/archive.sana.sy\/tr\/index.php?rest_route=\/wp\/v2\/posts"}],"about":[{"href":"https:\/\/archive.sana.sy\/tr\/index.php?rest_route=\/wp\/v2\/types\/post"}],"author":[{"embeddable":true,"href":"https:\/\/archive.sana.sy\/tr\/index.php?rest_route=\/wp\/v2\/users\/1"}],"replies":[{"embeddable":true,"href":"https:\/\/archive.sana.sy\/tr\/index.php?rest_route=%2Fwp%2Fv2%2Fcomments&post=26031"}],"version-history":[{"count":0,"href":"https:\/\/archive.sana.sy\/tr\/index.php?rest_route=\/wp\/v2\/posts\/26031\/revisions"}],"wp:attachment":[{"href":"https:\/\/archive.sana.sy\/tr\/index.php?rest_route=%2Fwp%2Fv2%2Fmedia&parent=26031"}],"wp:term":[{"taxonomy":"category","embeddable":true,"href":"https:\/\/archive.sana.sy\/tr\/index.php?rest_route=%2Fwp%2Fv2%2Fcategories&post=26031"},{"taxonomy":"post_tag","embeddable":true,"href":"https:\/\/archive.sana.sy\/tr\/index.php?rest_route=%2Fwp%2Fv2%2Ftags&post=26031"}],"curies":[{"name":"wp","href":"https:\/\/api.w.org\/{rel}","templated":true}]}}