{"id":260364,"date":"2022-08-11T09:03:49","date_gmt":"2022-08-11T06:03:49","guid":{"rendered":"http:\/\/107.6.182.27\/tr\/?p=260364"},"modified":"2022-08-12T08:56:36","modified_gmt":"2022-08-12T05:56:36","slug":"turk-isgali-kamisli-cevresine-ihayla-saldirdi","status":"publish","type":"post","link":"https:\/\/archive.sana.sy\/tr\/?p=260364","title":{"rendered":"T\u00fcrk \u0130\u015fgali, Kam\u0131\u015fl\u0131 \u00c7evresine \u0130HA\u2019yla Sald\u0131rd\u0131"},"content":{"rendered":"<p>HASEKE \u2013 T\u00fcrk i\u015fgal g\u00fc\u00e7leri, Kam\u0131\u015fl\u0131 k\u0131rsal\u0131n\u0131n bat\u0131s\u0131ndaki Mella Sbat k\u00f6y\u00fc \u00e7evresine f\u00fcze y\u00fckl\u00fc insans\u0131z hava arac\u0131yla sald\u0131rd\u0131.<\/p>\n<p>Yerel kaynaklar SANA muhabirine Yapt\u0131\u011f\u0131 a\u00e7\u0131klamada, T\u00fcrk i\u015fgal g\u00fc\u00e7lerinin, Kam\u0131\u015fl\u0131 k\u0131rsal\u0131n\u0131n bat\u0131s\u0131ndaki Mella Sbat k\u00f6y\u00fc \u00e7evresinde insans\u0131z hava arac\u0131yla birka\u00e7 f\u00fczeleriyle bir arabay\u0131 hedef ald\u0131\u011f\u0131n\u0131, can kay\u0131plar\u0131n\u0131n ve olay yerinde maddi hasar\u0131n da meydana geldi\u011fini belirtti.<\/p>\n<p><a class=\"oajrlxb2 g5ia77u1 qu0x051f esr5mh6w e9989ue4 r7d6kgcz rq0escxv nhd2j8a9 nc684nl6 p7hjln8o kvgmc6g5 cxmmr5t8 oygrvhab hcukyx3x jb3vyjys rz4wbd8a qt6c0cv9 a8nywdso i1ao9s8h esuyzwwr f1sip0of lzcic4wl gpro0wi8 q66pz984 b1v8xokw\" tabindex=\"0\" role=\"link\" href=\"https:\/\/www.facebook.com\/hashtag\/telegram_kanal%C4%B1m%C4%B1z?__eep__=6&amp;__cft__[0]=AZU57Z0jxbBC5T0WSEyfhzk2z6NWz_9iwR3XQOmhc4K_nX1OlTHbyxEM7TgMWGXn06dIm3v28vNC5ER0mr0_whC5iIHDw6i9sIpJ38Dq6t1osoDMzwvXJ7DJqpBV1SDZ4NU&amp;__tn__=*NK-R\">#Telegram_Kanal\u0131m\u0131z<\/a>: <a class=\"oajrlxb2 g5ia77u1 qu0x051f esr5mh6w e9989ue4 r7d6kgcz rq0escxv nhd2j8a9 nc684nl6 p7hjln8o kvgmc6g5 cxmmr5t8 oygrvhab hcukyx3x jb3vyjys rz4wbd8a qt6c0cv9 a8nywdso i1ao9s8h esuyzwwr f1sip0of lzcic4wl gpro0wi8 py34i1dx\" tabindex=\"0\" role=\"link\" href=\"https:\/\/t.me\/SuriyeArapHaberAjans?fbclid=IwAR0y61KjbV1anZmqNcAor3hmrGH91Xo0VmukEq1iWSnBiE4i5nA-DSHW-rc\" target=\"_blank\" rel=\"nofollow noopener\">https:\/\/t.me\/SuriyeArapHaberAjans<\/a><\/p>\n","protected":false},"excerpt":{"rendered":"<p>HASEKE \u2013 T\u00fcrk i\u015fgal g\u00fc\u00e7leri, Kam\u0131\u015fl\u0131 k\u0131rsal\u0131n\u0131n bat\u0131s\u0131ndaki Mella Sbat k\u00f6y\u00fc \u00e7evresine f\u00fcze y\u00fckl\u00fc insans\u0131z hava arac\u0131yla sald\u0131rd\u0131. Yerel kaynaklar SANA muhabirine Yapt\u0131\u011f\u0131 a\u00e7\u0131klamada, T\u00fcrk i\u015fgal g\u00fc\u00e7lerinin, Kam\u0131\u015fl\u0131 k\u0131rsal\u0131n\u0131n bat\u0131s\u0131ndaki Mella Sbat k\u00f6y\u00fc \u00e7evresinde insans\u0131z hava arac\u0131yla birka\u00e7 f\u00fczeleriyle bir arabay\u0131 hedef ald\u0131\u011f\u0131n\u0131, can kay\u0131plar\u0131n\u0131n ve olay yerinde maddi hasar\u0131n da meydana geldi\u011fini belirtti. #Telegram_Kanal\u0131m\u0131z: &hellip;<\/p>\n","protected":false},"author":39,"featured_media":260365,"comment_status":"closed","ping_status":"closed","sticky":false,"template":"","format":"standard","meta":{"footnotes":""},"categories":[516,479,575,17988,478],"tags":[],"class_list":["post-260364","post","type-post","status-publish","format-standard","has-post-thumbnail","","category-haberler-kultur-ve-sanat","category-haberler-yerel","category-olaylar-ve-gercekler","category-son-haberler","category-yerel"],"_links":{"self":[{"href":"https:\/\/archive.sana.sy\/tr\/index.php?rest_route=\/wp\/v2\/posts\/260364","targetHints":{"allow":["GET"]}}],"collection":[{"href":"https:\/\/archive.sana.sy\/tr\/index.php?rest_route=\/wp\/v2\/posts"}],"about":[{"href":"https:\/\/archive.sana.sy\/tr\/index.php?rest_route=\/wp\/v2\/types\/post"}],"author":[{"embeddable":true,"href":"https:\/\/archive.sana.sy\/tr\/index.php?rest_route=\/wp\/v2\/users\/39"}],"replies":[{"embeddable":true,"href":"https:\/\/archive.sana.sy\/tr\/index.php?rest_route=%2Fwp%2Fv2%2Fcomments&post=260364"}],"version-history":[{"count":0,"href":"https:\/\/archive.sana.sy\/tr\/index.php?rest_route=\/wp\/v2\/posts\/260364\/revisions"}],"wp:featuredmedia":[{"embeddable":true,"href":"https:\/\/archive.sana.sy\/tr\/index.php?rest_route=\/wp\/v2\/media\/260365"}],"wp:attachment":[{"href":"https:\/\/archive.sana.sy\/tr\/index.php?rest_route=%2Fwp%2Fv2%2Fmedia&parent=260364"}],"wp:term":[{"taxonomy":"category","embeddable":true,"href":"https:\/\/archive.sana.sy\/tr\/index.php?rest_route=%2Fwp%2Fv2%2Fcategories&post=260364"},{"taxonomy":"post_tag","embeddable":true,"href":"https:\/\/archive.sana.sy\/tr\/index.php?rest_route=%2Fwp%2Fv2%2Ftags&post=260364"}],"curies":[{"name":"wp","href":"https:\/\/api.w.org\/{rel}","templated":true}]}}