{"id":260453,"date":"2022-08-12T22:34:49","date_gmt":"2022-08-12T19:34:49","guid":{"rendered":"http:\/\/107.6.182.27\/tr\/?p=260453"},"modified":"2022-08-14T08:32:24","modified_gmt":"2022-08-14T05:32:24","slug":"israilin-kunaytra-kirsali-hamidiye-beldesine-fuze-saldirisi-sonucu-2-sivil-yaralandi","status":"publish","type":"post","link":"https:\/\/archive.sana.sy\/tr\/?p=260453","title":{"rendered":"\u0130srail\u2019in Kunaytra K\u0131rsal\u0131 Hamidiye Beldesine F\u00fcze Sald\u0131r\u0131s\u0131 Sonucu 2 Sivil Yaraland\u0131"},"content":{"rendered":"<p>KUNAYTRA \u2013 \u0130srail i\u015fgal g\u00fc\u00e7lerinin Kunaytra k\u0131rsal\u0131n\u0131n kuzeyinde yer alan El Hamidiye k\u00f6y\u00fc yak\u0131nlar\u0131nda d\u00fczenledi\u011fi sald\u0131r\u0131da iki sivil yaraland\u0131.<\/p>\n<p>SANA muhabiri, \u0130srail i\u015fgal g\u00fc\u00e7lerinin, Kuneytra k\u0131rsal\u0131n\u0131n kuzeyinde yer alan El Hamidiye k\u00f6y\u00fc yak\u0131nlar\u0131na iki tank mermisiyle sald\u0131rmas\u0131 sonucunda iki sivilin yaraland\u0131\u011f\u0131n\u0131 belirtirken, gerekli tedaviyi g\u00f6rmeleri i\u00e7in\u00a0Memduh Abaza Hastanesi&#8217;ne kald\u0131r\u0131ld\u0131klar\u0131na i\u015faret etti.<\/p>\n<p><a class=\"oajrlxb2 g5ia77u1 qu0x051f esr5mh6w e9989ue4 r7d6kgcz rq0escxv nhd2j8a9 nc684nl6 p7hjln8o kvgmc6g5 cxmmr5t8 oygrvhab hcukyx3x jb3vyjys rz4wbd8a qt6c0cv9 a8nywdso i1ao9s8h esuyzwwr f1sip0of lzcic4wl gpro0wi8 q66pz984 b1v8xokw\" tabindex=\"0\" role=\"link\" href=\"https:\/\/www.facebook.com\/hashtag\/telegram_kanal%C4%B1m%C4%B1z?__eep__=6&amp;__cft__[0]=AZVMe7-8vvb7Yb0kjdTABazS3j_6FuNIhnHdVwpq9C7cimhSuJdg8loTp3DBk_TRgv9_I0JmA8HB-WVeDvASEPJTwQtsqOb-0hbngrq5bHkM3e1fdJJpJm8BZcMB83ni9E7Yc_fRWmOTYqGdcKwk9XDpvxDfW6XPgEsq1DHVMAWHFA&amp;__tn__=*NK-R\">#Telegram_Kanal\u0131m\u0131z<\/a>:\u00a0<a class=\"oajrlxb2 g5ia77u1 qu0x051f esr5mh6w e9989ue4 r7d6kgcz rq0escxv nhd2j8a9 nc684nl6 p7hjln8o kvgmc6g5 cxmmr5t8 oygrvhab hcukyx3x jb3vyjys rz4wbd8a qt6c0cv9 a8nywdso i1ao9s8h esuyzwwr f1sip0of lzcic4wl gpro0wi8 py34i1dx\" tabindex=\"0\" role=\"link\" href=\"https:\/\/l.facebook.com\/l.php?u=https%3A%2F%2Ft.me%2FSuriyeArapHaberAjans%3Ffbclid%3DIwAR1zx7Wp5S9yNVsSnUhoV3UXyn70DW0T2jBiWxFTJq7bDGEL2xQhIt_w5Bg&amp;h=AT0ptDP3AXHri0REw23BOfCqPvy9eAdyGkjzNjynAMGf_rkNqSlxGJh3e7k1us9LJNNuqoXzKQUhsuE86vq-PWvgecdV-cqqpwIR6LS6a1RcJDY_bbEtoI_leSMgl-fTUzE&amp;__tn__=-UK-R&amp;c[0]=AT0IiDRwFQwTiRjgcYAdvtazc17MLcpxlKy2yCN1dj5D8hXVBMXhcmI6b575wIkDGdaMNSzFdMu00GhA5AeL_2mHhz7FrRra4-r3ZlFma7s-0nTfhyZOmOfdR8tcQiDuosULQYQId76cAQL1K7D9W-__ujyAMwRYoLXhzqH6gr8m7mNZPAKeNTcyk5WGjI2DnbQWsntw\" target=\"_blank\" rel=\"nofollow noopener\">https:\/\/t.me\/SuriyeArapHaberAjans<\/a><\/p>\n","protected":false},"excerpt":{"rendered":"<p>KUNAYTRA \u2013 \u0130srail i\u015fgal g\u00fc\u00e7lerinin Kunaytra k\u0131rsal\u0131n\u0131n kuzeyinde yer alan El Hamidiye k\u00f6y\u00fc yak\u0131nlar\u0131nda d\u00fczenledi\u011fi sald\u0131r\u0131da iki sivil yaraland\u0131. SANA muhabiri, \u0130srail i\u015fgal g\u00fc\u00e7lerinin, Kuneytra k\u0131rsal\u0131n\u0131n kuzeyinde yer alan El Hamidiye k\u00f6y\u00fc yak\u0131nlar\u0131na iki tank mermisiyle sald\u0131rmas\u0131 sonucunda iki sivilin yaraland\u0131\u011f\u0131n\u0131 belirtirken, gerekli tedaviyi g\u00f6rmeleri i\u00e7in\u00a0Memduh Abaza Hastanesi&#8217;ne kald\u0131r\u0131ld\u0131klar\u0131na i\u015faret etti. #Telegram_Kanal\u0131m\u0131z:\u00a0https:\/\/t.me\/SuriyeArapHaberAjans<\/p>\n","protected":false},"author":36,"featured_media":260454,"comment_status":"closed","ping_status":"closed","sticky":false,"template":"","format":"standard","meta":{"footnotes":""},"categories":[479,575,17988,478],"tags":[],"class_list":["post-260453","post","type-post","status-publish","format-standard","has-post-thumbnail","","category-haberler-yerel","category-olaylar-ve-gercekler","category-son-haberler","category-yerel"],"_links":{"self":[{"href":"https:\/\/archive.sana.sy\/tr\/index.php?rest_route=\/wp\/v2\/posts\/260453","targetHints":{"allow":["GET"]}}],"collection":[{"href":"https:\/\/archive.sana.sy\/tr\/index.php?rest_route=\/wp\/v2\/posts"}],"about":[{"href":"https:\/\/archive.sana.sy\/tr\/index.php?rest_route=\/wp\/v2\/types\/post"}],"author":[{"embeddable":true,"href":"https:\/\/archive.sana.sy\/tr\/index.php?rest_route=\/wp\/v2\/users\/36"}],"replies":[{"embeddable":true,"href":"https:\/\/archive.sana.sy\/tr\/index.php?rest_route=%2Fwp%2Fv2%2Fcomments&post=260453"}],"version-history":[{"count":0,"href":"https:\/\/archive.sana.sy\/tr\/index.php?rest_route=\/wp\/v2\/posts\/260453\/revisions"}],"wp:featuredmedia":[{"embeddable":true,"href":"https:\/\/archive.sana.sy\/tr\/index.php?rest_route=\/wp\/v2\/media\/260454"}],"wp:attachment":[{"href":"https:\/\/archive.sana.sy\/tr\/index.php?rest_route=%2Fwp%2Fv2%2Fmedia&parent=260453"}],"wp:term":[{"taxonomy":"category","embeddable":true,"href":"https:\/\/archive.sana.sy\/tr\/index.php?rest_route=%2Fwp%2Fv2%2Fcategories&post=260453"},{"taxonomy":"post_tag","embeddable":true,"href":"https:\/\/archive.sana.sy\/tr\/index.php?rest_route=%2Fwp%2Fv2%2Ftags&post=260453"}],"curies":[{"name":"wp","href":"https:\/\/api.w.org\/{rel}","templated":true}]}}