{"id":260485,"date":"2022-08-13T22:56:35","date_gmt":"2022-08-13T19:56:35","guid":{"rendered":"http:\/\/107.6.182.27\/tr\/?p=260485"},"modified":"2022-08-14T08:37:18","modified_gmt":"2022-08-14T05:37:18","slug":"vesbe-ve-ittihat-ehli-halep-cumhuriyet-kupasi-finalinde","status":"publish","type":"post","link":"https:\/\/archive.sana.sy\/tr\/?p=260485","title":{"rendered":"Vesbe Ve \u0130ttihat Ehli Halep Cumhuriyet Kupas\u0131 Finalinde"},"content":{"rendered":"<p>HOMS \u2013 HALEP \u2013Vesbe ve \u0130ttihat tak\u0131mlar\u0131, yar\u0131 finalin ikinci aya\u011f\u0131nda Te\u015frin ve Ordu ile bug\u00fcn berabere kalmalar\u0131na ra\u011fmen Cumhuriyet Kupas\u0131 finaline y\u00fckseldi.<\/p>\n<p>Homs&#8217;taki belediye stadyumunda oynanan ma\u00e7ta Vesbe, Te\u015frin ile 2-2 berabere kal\u0131rken ilk ma\u00e7ta ald\u0131\u011f\u0131 2-0&#8217;l\u0131k galibiyetle finaldeki yerini ald\u0131.<\/p>\n<p>Halep&#8217;teki Al Hamadaniye Stadyumunda \u0130ttihat Eli Halep, Ordu ile 0-0 berabere kald\u0131klar\u0131 ma\u00e7\u0131n ard\u0131ndan finale y\u00fckseldi. Bilinece\u011fi \u00fczere ilk ma\u00e7 1-1 sona ermi\u015fti.<\/p>\n<p><a class=\"oajrlxb2 g5ia77u1 qu0x051f esr5mh6w e9989ue4 r7d6kgcz rq0escxv nhd2j8a9 nc684nl6 p7hjln8o kvgmc6g5 cxmmr5t8 oygrvhab hcukyx3x jb3vyjys rz4wbd8a qt6c0cv9 a8nywdso i1ao9s8h esuyzwwr f1sip0of lzcic4wl gpro0wi8 q66pz984 b1v8xokw\" tabindex=\"0\" role=\"link\" href=\"https:\/\/www.facebook.com\/hashtag\/telegram_kanal%C4%B1m%C4%B1z?__eep__=6&amp;__cft__[0]=AZVMe7-8vvb7Yb0kjdTABazS3j_6FuNIhnHdVwpq9C7cimhSuJdg8loTp3DBk_TRgv9_I0JmA8HB-WVeDvASEPJTwQtsqOb-0hbngrq5bHkM3e1fdJJpJm8BZcMB83ni9E7Yc_fRWmOTYqGdcKwk9XDpvxDfW6XPgEsq1DHVMAWHFA&amp;__tn__=*NK-R\">#Telegram_Kanal\u0131m\u0131z<\/a>:\u00a0<a class=\"oajrlxb2 g5ia77u1 qu0x051f esr5mh6w e9989ue4 r7d6kgcz rq0escxv nhd2j8a9 nc684nl6 p7hjln8o kvgmc6g5 cxmmr5t8 oygrvhab hcukyx3x jb3vyjys rz4wbd8a qt6c0cv9 a8nywdso i1ao9s8h esuyzwwr f1sip0of lzcic4wl gpro0wi8 py34i1dx\" tabindex=\"0\" role=\"link\" href=\"https:\/\/l.facebook.com\/l.php?u=https%3A%2F%2Ft.me%2FSuriyeArapHaberAjans%3Ffbclid%3DIwAR1zx7Wp5S9yNVsSnUhoV3UXyn70DW0T2jBiWxFTJq7bDGEL2xQhIt_w5Bg&amp;h=AT0ptDP3AXHri0REw23BOfCqPvy9eAdyGkjzNjynAMGf_rkNqSlxGJh3e7k1us9LJNNuqoXzKQUhsuE86vq-PWvgecdV-cqqpwIR6LS6a1RcJDY_bbEtoI_leSMgl-fTUzE&amp;__tn__=-UK-R&amp;c[0]=AT0IiDRwFQwTiRjgcYAdvtazc17MLcpxlKy2yCN1dj5D8hXVBMXhcmI6b575wIkDGdaMNSzFdMu00GhA5AeL_2mHhz7FrRra4-r3ZlFma7s-0nTfhyZOmOfdR8tcQiDuosULQYQId76cAQL1K7D9W-__ujyAMwRYoLXhzqH6gr8m7mNZPAKeNTcyk5WGjI2DnbQWsntw\" target=\"_blank\" rel=\"nofollow noopener\">https:\/\/t.me\/SuriyeArapHaberAjans<\/a><\/p>\n<p><span style=\"color: #0000ff;\">Vesbe \u2013 Te\u015frin<\/span><\/p>\n<div id='gallery-1' class='gallery galleryid-260485 gallery-columns-3 gallery-size-full'><figure class='gallery-item'>\n\t\t\t<div class='gallery-icon landscape'>\n\t\t\t\t<a href='https:\/\/archive.sana.sy\/tr\/wp-content\/uploads\/2022\/08\/photo_2022-08-13_19-10-32.jpg'><img loading=\"lazy\" decoding=\"async\" width=\"660\" height=\"440\" src=\"https:\/\/archive.sana.sy\/tr\/wp-content\/uploads\/2022\/08\/photo_2022-08-13_19-10-32.jpg\" class=\"attachment-full size-full\" alt=\"\" srcset=\"https:\/\/archive.sana.sy\/tr\/wp-content\/uploads\/2022\/08\/photo_2022-08-13_19-10-32.jpg 660w, https:\/\/archive.sana.sy\/tr\/wp-content\/uploads\/2022\/08\/photo_2022-08-13_19-10-32-300x200.jpg 300w, https:\/\/archive.sana.sy\/tr\/wp-content\/uploads\/2022\/08\/photo_2022-08-13_19-10-32-150x100.jpg 150w\" sizes=\"auto, (max-width: 660px) 100vw, 660px\" \/><\/a>\n\t\t\t<\/div><\/figure><figure class='gallery-item'>\n\t\t\t<div class='gallery-icon landscape'>\n\t\t\t\t<a href='https:\/\/archive.sana.sy\/tr\/wp-content\/uploads\/2022\/08\/photo_2022-08-13_19-10-36.jpg'><img loading=\"lazy\" decoding=\"async\" width=\"660\" height=\"471\" src=\"https:\/\/archive.sana.sy\/tr\/wp-content\/uploads\/2022\/08\/photo_2022-08-13_19-10-36.jpg\" class=\"attachment-full size-full\" alt=\"\" srcset=\"https:\/\/archive.sana.sy\/tr\/wp-content\/uploads\/2022\/08\/photo_2022-08-13_19-10-36.jpg 660w, https:\/\/archive.sana.sy\/tr\/wp-content\/uploads\/2022\/08\/photo_2022-08-13_19-10-36-300x214.jpg 300w, https:\/\/archive.sana.sy\/tr\/wp-content\/uploads\/2022\/08\/photo_2022-08-13_19-10-36-150x107.jpg 150w\" sizes=\"auto, (max-width: 660px) 100vw, 660px\" \/><\/a>\n\t\t\t<\/div><\/figure><figure class='gallery-item'>\n\t\t\t<div class='gallery-icon landscape'>\n\t\t\t\t<a href='https:\/\/archive.sana.sy\/tr\/wp-content\/uploads\/2022\/08\/photo_2022-08-13_19-10-39.jpg'><img loading=\"lazy\" decoding=\"async\" width=\"660\" height=\"472\" src=\"https:\/\/archive.sana.sy\/tr\/wp-content\/uploads\/2022\/08\/photo_2022-08-13_19-10-39.jpg\" class=\"attachment-full size-full\" alt=\"\" srcset=\"https:\/\/archive.sana.sy\/tr\/wp-content\/uploads\/2022\/08\/photo_2022-08-13_19-10-39.jpg 660w, https:\/\/archive.sana.sy\/tr\/wp-content\/uploads\/2022\/08\/photo_2022-08-13_19-10-39-300x215.jpg 300w, https:\/\/archive.sana.sy\/tr\/wp-content\/uploads\/2022\/08\/photo_2022-08-13_19-10-39-150x107.jpg 150w\" sizes=\"auto, (max-width: 660px) 100vw, 660px\" \/><\/a>\n\t\t\t<\/div><\/figure>\n\t\t<\/div>\n\n<p><span style=\"color: #0000ff;\">\u0130tthat Ehli Halep \u2013 Ordu<\/span><\/p>\n<div id='gallery-2' class='gallery galleryid-260485 gallery-columns-3 gallery-size-full'><figure class='gallery-item'>\n\t\t\t<div class='gallery-icon landscape'>\n\t\t\t\t<a href='https:\/\/archive.sana.sy\/tr\/wp-content\/uploads\/2022\/08\/DSC_0096.jpg'><img loading=\"lazy\" decoding=\"async\" width=\"660\" height=\"441\" src=\"https:\/\/archive.sana.sy\/tr\/wp-content\/uploads\/2022\/08\/DSC_0096.jpg\" class=\"attachment-full size-full\" alt=\"\" srcset=\"https:\/\/archive.sana.sy\/tr\/wp-content\/uploads\/2022\/08\/DSC_0096.jpg 660w, https:\/\/archive.sana.sy\/tr\/wp-content\/uploads\/2022\/08\/DSC_0096-300x200.jpg 300w, https:\/\/archive.sana.sy\/tr\/wp-content\/uploads\/2022\/08\/DSC_0096-150x100.jpg 150w, https:\/\/archive.sana.sy\/tr\/wp-content\/uploads\/2022\/08\/DSC_0096-110x75.jpg 110w\" sizes=\"auto, (max-width: 660px) 100vw, 660px\" \/><\/a>\n\t\t\t<\/div><\/figure><figure class='gallery-item'>\n\t\t\t<div class='gallery-icon landscape'>\n\t\t\t\t<a href='https:\/\/archive.sana.sy\/tr\/wp-content\/uploads\/2022\/08\/DSC_0112.jpg'><img loading=\"lazy\" decoding=\"async\" width=\"660\" height=\"441\" src=\"https:\/\/archive.sana.sy\/tr\/wp-content\/uploads\/2022\/08\/DSC_0112.jpg\" class=\"attachment-full size-full\" alt=\"\" srcset=\"https:\/\/archive.sana.sy\/tr\/wp-content\/uploads\/2022\/08\/DSC_0112.jpg 660w, https:\/\/archive.sana.sy\/tr\/wp-content\/uploads\/2022\/08\/DSC_0112-300x200.jpg 300w, https:\/\/archive.sana.sy\/tr\/wp-content\/uploads\/2022\/08\/DSC_0112-150x100.jpg 150w, https:\/\/archive.sana.sy\/tr\/wp-content\/uploads\/2022\/08\/DSC_0112-110x75.jpg 110w\" sizes=\"auto, (max-width: 660px) 100vw, 660px\" \/><\/a>\n\t\t\t<\/div><\/figure><figure class='gallery-item'>\n\t\t\t<div class='gallery-icon landscape'>\n\t\t\t\t<a href='https:\/\/archive.sana.sy\/tr\/wp-content\/uploads\/2022\/08\/DSC_0124.jpg'><img loading=\"lazy\" decoding=\"async\" width=\"660\" height=\"441\" src=\"https:\/\/archive.sana.sy\/tr\/wp-content\/uploads\/2022\/08\/DSC_0124.jpg\" class=\"attachment-full size-full\" alt=\"\" srcset=\"https:\/\/archive.sana.sy\/tr\/wp-content\/uploads\/2022\/08\/DSC_0124.jpg 660w, https:\/\/archive.sana.sy\/tr\/wp-content\/uploads\/2022\/08\/DSC_0124-300x200.jpg 300w, https:\/\/archive.sana.sy\/tr\/wp-content\/uploads\/2022\/08\/DSC_0124-150x100.jpg 150w, https:\/\/archive.sana.sy\/tr\/wp-content\/uploads\/2022\/08\/DSC_0124-110x75.jpg 110w\" sizes=\"auto, (max-width: 660px) 100vw, 660px\" \/><\/a>\n\t\t\t<\/div><\/figure>\n\t\t<\/div>\n\n","protected":false},"excerpt":{"rendered":"<p>HOMS \u2013 HALEP \u2013Vesbe ve \u0130ttihat tak\u0131mlar\u0131, yar\u0131 finalin ikinci aya\u011f\u0131nda Te\u015frin ve Ordu ile bug\u00fcn berabere kalmalar\u0131na ra\u011fmen Cumhuriyet Kupas\u0131 finaline y\u00fckseldi. Homs&#8217;taki belediye stadyumunda oynanan ma\u00e7ta Vesbe, Te\u015frin ile 2-2 berabere kal\u0131rken ilk ma\u00e7ta ald\u0131\u011f\u0131 2-0&#8217;l\u0131k galibiyetle finaldeki yerini ald\u0131. Halep&#8217;teki Al Hamadaniye Stadyumunda \u0130ttihat Eli Halep, Ordu ile 0-0 berabere kald\u0131klar\u0131 ma\u00e7\u0131n &hellip;<\/p>\n","protected":false},"author":1,"featured_media":260486,"comment_status":"closed","ping_status":"closed","sticky":false,"template":"","format":"standard","meta":{"footnotes":""},"categories":[17988,496,497],"tags":[],"class_list":["post-260485","post","type-post","status-publish","format-standard","has-post-thumbnail","","category-son-haberler","category-spor","category-yerel-turnuvalar"],"_links":{"self":[{"href":"https:\/\/archive.sana.sy\/tr\/index.php?rest_route=\/wp\/v2\/posts\/260485","targetHints":{"allow":["GET"]}}],"collection":[{"href":"https:\/\/archive.sana.sy\/tr\/index.php?rest_route=\/wp\/v2\/posts"}],"about":[{"href":"https:\/\/archive.sana.sy\/tr\/index.php?rest_route=\/wp\/v2\/types\/post"}],"author":[{"embeddable":true,"href":"https:\/\/archive.sana.sy\/tr\/index.php?rest_route=\/wp\/v2\/users\/1"}],"replies":[{"embeddable":true,"href":"https:\/\/archive.sana.sy\/tr\/index.php?rest_route=%2Fwp%2Fv2%2Fcomments&post=260485"}],"version-history":[{"count":0,"href":"https:\/\/archive.sana.sy\/tr\/index.php?rest_route=\/wp\/v2\/posts\/260485\/revisions"}],"wp:featuredmedia":[{"embeddable":true,"href":"https:\/\/archive.sana.sy\/tr\/index.php?rest_route=\/wp\/v2\/media\/260486"}],"wp:attachment":[{"href":"https:\/\/archive.sana.sy\/tr\/index.php?rest_route=%2Fwp%2Fv2%2Fmedia&parent=260485"}],"wp:term":[{"taxonomy":"category","embeddable":true,"href":"https:\/\/archive.sana.sy\/tr\/index.php?rest_route=%2Fwp%2Fv2%2Fcategories&post=260485"},{"taxonomy":"post_tag","embeddable":true,"href":"https:\/\/archive.sana.sy\/tr\/index.php?rest_route=%2Fwp%2Fv2%2Ftags&post=260485"}],"curies":[{"name":"wp","href":"https:\/\/api.w.org\/{rel}","templated":true}]}}