{"id":260516,"date":"2022-08-14T11:25:49","date_gmt":"2022-08-14T08:25:49","guid":{"rendered":"http:\/\/107.6.182.27\/tr\/?p=260516"},"modified":"2022-08-15T08:32:10","modified_gmt":"2022-08-15T05:32:10","slug":"batinin-zorlayici-yaptirimlariyla-yuzlesmek-icin-suriye-belarus-gorusmeleri","status":"publish","type":"post","link":"https:\/\/archive.sana.sy\/tr\/?p=260516","title":{"rendered":"Bat\u0131&#8217;n\u0131n Zorlay\u0131c\u0131 Yapt\u0131r\u0131mlar\u0131yla Y\u00fczle\u015fmek \u0130\u00e7in Suriye-Belarus G\u00f6r\u00fc\u015fmeleri"},"content":{"rendered":"<p>M\u0130NSK \u2013 Suriye&#8217;nin Beyaz Rusya B\u00fcy\u00fckel\u00e7isi Muhammed El Amrani, Minsk&#8217;teki g\u00f6r\u00fc\u015fmeleri s\u0131ras\u0131nda Belarus D\u0131\u015fi\u015fleri Bakan Birinci Yard\u0131mc\u0131s\u0131 Sergey Alenyek ile Bat\u0131&#8217;n\u0131n iki \u00fclkeye dayatt\u0131\u011f\u0131 zorlay\u0131c\u0131 ekonomik tedbirlerin yol a\u00e7t\u0131\u011f\u0131 engellerin \u00fcstesinden gelmek i\u00e7in her d\u00fczeyde se\u00e7kin ikili ili\u015fkileri g\u00fc\u00e7lendirmenin ve ilerletmenin yollar\u0131n\u0131 g\u00f6r\u00fc\u015ft\u00fc.<\/p>\n<p>G\u00f6r\u00fc\u015fme s\u0131ras\u0131nda iki taraf, iki \u00fclke aras\u0131nda \u00e7e\u015fitli d\u00fczeylerde ziyaret al\u0131\u015fveri\u015finde bulunulmas\u0131n\u0131n ve uluslararas\u0131 forumlarda aralar\u0131ndaki koordinasyonun s\u00fcrd\u00fcr\u00fclmesinin \u00f6nemi \u00fczerinde anla\u015ft\u0131lar.<\/p>\n<p>\u0130ki taraf\u0131n g\u00f6r\u00fc\u015fleri ayr\u0131ca, Bat\u0131l\u0131 \u00fclkelerin iki dost \u00fclke ve halklar\u0131n \u00e7\u0131karlar\u0131 do\u011frultusunda her iki tarafa da uygulad\u0131\u011f\u0131 haks\u0131z ekonomik yapt\u0131r\u0131mlardan kaynaklanan t\u00fcm engellerin \u00fcstesinden gelmek i\u00e7in ekonomik ve ticari ili\u015fkilerin ve i\u015fbirli\u011finin d\u00fczeyinin y\u00fckseltilmesi gereklili\u011fi konusunda da anla\u015ft\u0131lar.<\/p>\n<p><a class=\"oajrlxb2 g5ia77u1 qu0x051f esr5mh6w e9989ue4 r7d6kgcz rq0escxv nhd2j8a9 nc684nl6 p7hjln8o kvgmc6g5 cxmmr5t8 oygrvhab hcukyx3x jb3vyjys rz4wbd8a qt6c0cv9 a8nywdso i1ao9s8h esuyzwwr f1sip0of lzcic4wl gpro0wi8 q66pz984 b1v8xokw\" tabindex=\"0\" role=\"link\" href=\"https:\/\/www.facebook.com\/hashtag\/telegram_kanal%C4%B1m%C4%B1z?__eep__=6&amp;__cft__[0]=AZWvKp-wfCFcpm_gcW-XsFoekS9IntquAuSwr8bEeuKyuqfzTwDIrpQC45v3M67KVmSOSQn7ceSP1VrSQQuTY4M1OlbTbN0tjhXtfEw1P_Qet4_QpwO2SUXv3yQwX2uoJD4&amp;__tn__=*NK-R\">#Telegram_Kanal\u0131m\u0131z<\/a>: <a class=\"oajrlxb2 g5ia77u1 qu0x051f esr5mh6w e9989ue4 r7d6kgcz rq0escxv nhd2j8a9 nc684nl6 p7hjln8o kvgmc6g5 cxmmr5t8 oygrvhab hcukyx3x jb3vyjys rz4wbd8a qt6c0cv9 a8nywdso i1ao9s8h esuyzwwr f1sip0of lzcic4wl gpro0wi8 py34i1dx\" tabindex=\"0\" role=\"link\" href=\"https:\/\/t.me\/SuriyeArapHaberAjans?fbclid=IwAR2dqFjDEKH-JtadNwK8blehEBlMyswRyV3462v0raVUMrmoSxb5JN6N9Dg\" target=\"_blank\" rel=\"nofollow noopener\">https:\/\/t.me\/SuriyeArapHaberAjans<\/a><\/p>\n","protected":false},"excerpt":{"rendered":"<p>M\u0130NSK \u2013 Suriye&#8217;nin Beyaz Rusya B\u00fcy\u00fckel\u00e7isi Muhammed El Amrani, Minsk&#8217;teki g\u00f6r\u00fc\u015fmeleri s\u0131ras\u0131nda Belarus D\u0131\u015fi\u015fleri Bakan Birinci Yard\u0131mc\u0131s\u0131 Sergey Alenyek ile Bat\u0131&#8217;n\u0131n iki \u00fclkeye dayatt\u0131\u011f\u0131 zorlay\u0131c\u0131 ekonomik tedbirlerin yol a\u00e7t\u0131\u011f\u0131 engellerin \u00fcstesinden gelmek i\u00e7in her d\u00fczeyde se\u00e7kin ikili ili\u015fkileri g\u00fc\u00e7lendirmenin ve ilerletmenin yollar\u0131n\u0131 g\u00f6r\u00fc\u015ft\u00fc. G\u00f6r\u00fc\u015fme s\u0131ras\u0131nda iki taraf, iki \u00fclke aras\u0131nda \u00e7e\u015fitli d\u00fczeylerde ziyaret al\u0131\u015fveri\u015finde bulunulmas\u0131n\u0131n &hellip;<\/p>\n","protected":false},"author":36,"featured_media":260517,"comment_status":"closed","ping_status":"closed","sticky":false,"template":"","format":"standard","meta":{"footnotes":""},"categories":[458,459,17988],"tags":[],"class_list":["post-260516","post","type-post","status-publish","format-standard","has-post-thumbnail","","category-dunya1","category-haberler-arap-uluslararasi-politika","category-son-haberler"],"_links":{"self":[{"href":"https:\/\/archive.sana.sy\/tr\/index.php?rest_route=\/wp\/v2\/posts\/260516","targetHints":{"allow":["GET"]}}],"collection":[{"href":"https:\/\/archive.sana.sy\/tr\/index.php?rest_route=\/wp\/v2\/posts"}],"about":[{"href":"https:\/\/archive.sana.sy\/tr\/index.php?rest_route=\/wp\/v2\/types\/post"}],"author":[{"embeddable":true,"href":"https:\/\/archive.sana.sy\/tr\/index.php?rest_route=\/wp\/v2\/users\/36"}],"replies":[{"embeddable":true,"href":"https:\/\/archive.sana.sy\/tr\/index.php?rest_route=%2Fwp%2Fv2%2Fcomments&post=260516"}],"version-history":[{"count":0,"href":"https:\/\/archive.sana.sy\/tr\/index.php?rest_route=\/wp\/v2\/posts\/260516\/revisions"}],"wp:featuredmedia":[{"embeddable":true,"href":"https:\/\/archive.sana.sy\/tr\/index.php?rest_route=\/wp\/v2\/media\/260517"}],"wp:attachment":[{"href":"https:\/\/archive.sana.sy\/tr\/index.php?rest_route=%2Fwp%2Fv2%2Fmedia&parent=260516"}],"wp:term":[{"taxonomy":"category","embeddable":true,"href":"https:\/\/archive.sana.sy\/tr\/index.php?rest_route=%2Fwp%2Fv2%2Fcategories&post=260516"},{"taxonomy":"post_tag","embeddable":true,"href":"https:\/\/archive.sana.sy\/tr\/index.php?rest_route=%2Fwp%2Fv2%2Ftags&post=260516"}],"curies":[{"name":"wp","href":"https:\/\/api.w.org\/{rel}","templated":true}]}}