{"id":260613,"date":"2022-08-14T21:52:20","date_gmt":"2022-08-14T18:52:20","guid":{"rendered":"http:\/\/107.6.182.27\/tr\/?p=260613"},"modified":"2022-08-16T08:40:32","modified_gmt":"2022-08-16T05:40:32","slug":"dsg-milisleri-saflarinda-savasmalari-icin-gencleri-kacirmaya-devam-ediyor-2","status":"publish","type":"post","link":"https:\/\/archive.sana.sy\/tr\/?p=260613","title":{"rendered":"DSG Milisleri Saflar\u0131nda Sava\u015fmalar\u0131 \u0130\u00e7in Gen\u00e7leri Ka\u00e7\u0131rmaya Devam Ediyor"},"content":{"rendered":"<p style=\"text-align: justify;\">RAKKA &#8211; ABD i\u015fgal g\u00fc\u00e7lerine ba\u011fl\u0131 DSG milisleri, Rakka kentinde silahl\u0131 ki\u015filer taraf\u0131ndan ka\u00e7\u0131r\u0131larak kendi saflar\u0131nda sava\u015fmalar\u0131 i\u00e7in zorla askere al\u0131n\u0131rken, Suriye&#8217;nin el Cezire m\u0131nt\u0131kas\u0131nda kontrol etti\u011fi b\u00f6lgelerdeki halka y\u00f6nelik bask\u0131c\u0131 uygulamalar\u0131na devam etti.<\/p>\n<p style=\"text-align: justify;\">Yerel kaynaklar SANA muhabirine a\u00e7\u0131klamalar\u0131nda, milislere ba\u011fl\u0131 silahl\u0131 gruplar\u0131n Rakka kentinde b\u00fcy\u00fck bir bask\u0131n kampanyas\u0131 ba\u015flatt\u0131\u011f\u0131n\u0131, silahl\u0131 kontrol noktalar\u0131 kurdu\u011funu ve \u00e7ok say\u0131da genci evlerinden ve ula\u015f\u0131m ara\u00e7lar\u0131ndan ka\u00e7\u0131rarak saflar\u0131nda sava\u015fmak i\u00e7in zorunlu asker toplama kamplar\u0131na g\u00f6t\u00fcrd\u00fcklerini s\u00f6yledi.<\/p>\n<p style=\"text-align: justify;\">Kaynaklar, milislerin u\u011frad\u0131\u011f\u0131 kay\u0131plar, kamplar\u0131ndan ka\u00e7ma vakalar\u0131 ve halk\u0131n bunlarla u\u011fra\u015fmay\u0131 ve o\u011fullar\u0131n\u0131 o kamplara g\u00f6ndermeyi reddetmesi nedeniyle saflar\u0131ndaki eksikli\u011fi telafi etmek i\u00e7in son bask\u0131n ve adam ka\u00e7\u0131rma eylemlerini yo\u011funla\u015ft\u0131rd\u0131\u011f\u0131n\u0131 belirtti.<\/p>\n<p style=\"text-align: justify;\"><a class=\"oajrlxb2 g5ia77u1 qu0x051f esr5mh6w e9989ue4 r7d6kgcz rq0escxv nhd2j8a9 nc684nl6 p7hjln8o kvgmc6g5 cxmmr5t8 oygrvhab hcukyx3x jb3vyjys rz4wbd8a qt6c0cv9 a8nywdso i1ao9s8h esuyzwwr f1sip0of lzcic4wl gpro0wi8 q66pz984 b1v8xokw\" tabindex=\"0\" role=\"link\" href=\"https:\/\/www.facebook.com\/hashtag\/telegram_kanal%C4%B1m%C4%B1z?__eep__=6&amp;__cft__[0]=AZXsSrbxhEc2wIlJp0ZJo3XfVXbXAHWsnJVQTh1qgKfIk9akPRldEX9lon7_T2zTvCX69k3ckhSnZUAAcw6QFMRcJQO0e1lmrN_C-hnAZ4TXbCVYVW5VD5J3rL5fwnNPG-A&amp;__tn__=*NK-R\">#Telegram_Kanal\u0131m\u0131z<\/a>: <a class=\"oajrlxb2 g5ia77u1 qu0x051f esr5mh6w e9989ue4 r7d6kgcz rq0escxv nhd2j8a9 nc684nl6 p7hjln8o kvgmc6g5 cxmmr5t8 oygrvhab hcukyx3x jb3vyjys rz4wbd8a qt6c0cv9 a8nywdso i1ao9s8h esuyzwwr f1sip0of lzcic4wl gpro0wi8 py34i1dx\" tabindex=\"0\" role=\"link\" href=\"https:\/\/t.me\/SuriyeArapHaberAjans?fbclid=IwAR3aLQTjogzZv70bsVc2Gp6OQX3nhriVh-Qqz47ekBtHbfrQqutf1c5m4r0\" target=\"_blank\" rel=\"nofollow noopener\">https:\/\/t.me\/SuriyeArapHaberAjans<\/a><\/p>\n","protected":false},"excerpt":{"rendered":"<p>RAKKA &#8211; ABD i\u015fgal g\u00fc\u00e7lerine ba\u011fl\u0131 DSG milisleri, Rakka kentinde silahl\u0131 ki\u015filer taraf\u0131ndan ka\u00e7\u0131r\u0131larak kendi saflar\u0131nda sava\u015fmalar\u0131 i\u00e7in zorla askere al\u0131n\u0131rken, Suriye&#8217;nin el Cezire m\u0131nt\u0131kas\u0131nda kontrol etti\u011fi b\u00f6lgelerdeki halka y\u00f6nelik bask\u0131c\u0131 uygulamalar\u0131na devam etti. Yerel kaynaklar SANA muhabirine a\u00e7\u0131klamalar\u0131nda, milislere ba\u011fl\u0131 silahl\u0131 gruplar\u0131n Rakka kentinde b\u00fcy\u00fck bir bask\u0131n kampanyas\u0131 ba\u015flatt\u0131\u011f\u0131n\u0131, silahl\u0131 kontrol noktalar\u0131 kurdu\u011funu ve &hellip;<\/p>\n","protected":false},"author":1,"featured_media":260611,"comment_status":"closed","ping_status":"closed","sticky":false,"template":"","format":"standard","meta":{"footnotes":""},"categories":[479,516,575,17988,478],"tags":[],"class_list":["post-260613","post","type-post","status-publish","format-standard","has-post-thumbnail","","category-haberler-yerel","category-haberler-kultur-ve-sanat","category-olaylar-ve-gercekler","category-son-haberler","category-yerel"],"_links":{"self":[{"href":"https:\/\/archive.sana.sy\/tr\/index.php?rest_route=\/wp\/v2\/posts\/260613","targetHints":{"allow":["GET"]}}],"collection":[{"href":"https:\/\/archive.sana.sy\/tr\/index.php?rest_route=\/wp\/v2\/posts"}],"about":[{"href":"https:\/\/archive.sana.sy\/tr\/index.php?rest_route=\/wp\/v2\/types\/post"}],"author":[{"embeddable":true,"href":"https:\/\/archive.sana.sy\/tr\/index.php?rest_route=\/wp\/v2\/users\/1"}],"replies":[{"embeddable":true,"href":"https:\/\/archive.sana.sy\/tr\/index.php?rest_route=%2Fwp%2Fv2%2Fcomments&post=260613"}],"version-history":[{"count":0,"href":"https:\/\/archive.sana.sy\/tr\/index.php?rest_route=\/wp\/v2\/posts\/260613\/revisions"}],"wp:featuredmedia":[{"embeddable":true,"href":"https:\/\/archive.sana.sy\/tr\/index.php?rest_route=\/wp\/v2\/media\/260611"}],"wp:attachment":[{"href":"https:\/\/archive.sana.sy\/tr\/index.php?rest_route=%2Fwp%2Fv2%2Fmedia&parent=260613"}],"wp:term":[{"taxonomy":"category","embeddable":true,"href":"https:\/\/archive.sana.sy\/tr\/index.php?rest_route=%2Fwp%2Fv2%2Fcategories&post=260613"},{"taxonomy":"post_tag","embeddable":true,"href":"https:\/\/archive.sana.sy\/tr\/index.php?rest_route=%2Fwp%2Fv2%2Ftags&post=260613"}],"curies":[{"name":"wp","href":"https:\/\/api.w.org\/{rel}","templated":true}]}}