{"id":260615,"date":"2022-08-14T21:56:57","date_gmt":"2022-08-14T18:56:57","guid":{"rendered":"http:\/\/107.6.182.27\/tr\/?p=260615"},"modified":"2022-08-15T08:33:17","modified_gmt":"2022-08-15T05:33:17","slug":"sam-universitesinde-duzenlenen-konferansta-aile-ici-siddet-ve-toplum-uzerindeki-etkisi-ele-alindi","status":"publish","type":"post","link":"https:\/\/archive.sana.sy\/tr\/?p=260615","title":{"rendered":"\u015eam \u00dcniversitesinde D\u00fczenlenen Konferansta Aile \u0130\u00e7i \u015eiddet Ve Toplum \u00dczerindeki Etkisi Ele Al\u0131nd\u0131"},"content":{"rendered":"<p style=\"text-align: justify;\">\u015eAM &#8211; Vak\u0131flar Bakan\u0131 Dr. Muhammed Abdul Settar El Seyyid, \u015fiddetten uzak sa\u011fl\u0131kl\u0131 bir aile kurmak ve \u00e7ocuklar\u0131 sevgi dolu bir aile ortam\u0131nda psikolojik ve fiziksel g\u00fcvenliklerini garanti edecek \u015fekilde yeti\u015ftirmek i\u00e7in kar\u0131 koca aras\u0131nda merhamet ve hak ve g\u00f6revlere sayg\u0131l\u0131 olan sevginin \u00f6nemini vurgulad\u0131.<\/p>\n<p style=\"text-align: justify;\">Bakan El Seyyid, bug\u00fcn \u015eam \u00dcniversitesi&#8217;nde verdi\u011fi &#8220;Aile \u0130\u00e7i \u015eiddetin Toplum \u00dczerindeki Etkisi ve \u00c7ocuklar\u0131n \u00c7a\u011fda\u015f Zorluklardan Korunmas\u0131&#8221; ba\u015fl\u0131kl\u0131 bir konferansta, \u015fiddetin en \u00f6nemli nedenlerinden birinin din cehaleti oldu\u011funa, aileye kar\u015f\u0131 \u00fcstlendi\u011fi g\u00f6revler, anne babaya sayg\u0131, \u00e7ocuklar aras\u0131nda akrabal\u0131k ve e\u015fitlik ba\u011flar\u0131n\u0131n g\u00fc\u00e7lendirilmesine dikkat \u00e7ekerek, evlili\u011fin ilahi kanunlardan t\u00fcretilen ilahi bir ba\u011fa mahkum oldu\u011funu dile getirdi.<\/p>\n<p style=\"text-align: justify;\">Bakan El Seyyid&#8217;in konu\u015fmas\u0131, Vak\u0131flar Bakanl\u0131\u011f\u0131 taraf\u0131ndan \u015eam \u00dcniversitesi, Ulusal Suriyeli \u00d6\u011frenciler Birli\u011fi ve \u015eam&#8217;daki Afaf Aile Reformu Merkezi ile i\u015fbirli\u011fi i\u00e7inde d\u00fczenlenen bir e\u011fitim kursu program\u0131n\u0131n par\u00e7as\u0131 olarak geldi. Merkezin m\u00fcd\u00fcr\u00fc Dr. Hani Al \u015ea&#8217;al, konferans\u0131n bug\u00fcn ba\u015flad\u0131\u011f\u0131n\u0131 ve d\u00f6rt g\u00fcn s\u00fcrece\u011fini, evlilik hayat\u0131nda davac\u0131lar i\u00e7in d\u00fczeltilmesi gereken en \u00f6nemli kavramlara, aile i\u00e7i \u015fiddetten kaynaklanan psikolojik rahats\u0131zl\u0131klara, aile i\u00e7i \u015fiddetten kaynaklanan psikolojik rahats\u0131zl\u0131klara, yasal d\u00fczenlemelerdeki de\u011fi\u015fikliklere odaklanaca\u011f\u0131n\u0131 a\u00e7\u0131klad\u0131. \u015eam \u00dcniversitesi Rekt\u00f6r\u00fc Dr. Muhammad Usame El Cebban, aile i\u00e7i \u015fiddet ve tehlikeleriyle m\u00fccadele de dahil olmak \u00fczere \u00e7e\u015fitli konularda fark\u0131ndal\u0131k yaratarak \u00fcniversitenin toplumdaki rol\u00fcne dikkat \u00e7ekerek, \u00e7e\u015fitli bakanl\u0131klar ve ilgili STK&#8217;lar ile d\u00f6nemsel olarak e\u015fg\u00fcd\u00fcm halinde y\u00fcr\u00fct\u00fclen faaliyetler oldu\u011funa dikkat \u00e7ekti.<\/p>\n<p style=\"text-align: justify;\">Kendi y\u00f6n\u00fcnden Suriye Aile ve N\u00fcfus \u0130\u015fleri Komisyonu ba\u015fkan\u0131 M\u00fch. Samar Sebai, komisyonun \u00e7al\u0131\u015fmalar\u0131n\u0131n bir k\u0131sm\u0131n\u0131n \u00e7ocuk haklar\u0131n\u0131n desteklenmesi ve aile i\u00e7i \u015fiddetle m\u00fccadeleye odakland\u0131\u011f\u0131n\u0131 a\u00e7\u0131klad\u0131 ve komisyonun ayn\u0131 zamanda ailevi konularda \u00e7e\u015fitli bakanl\u0131klarla i\u015fbirli\u011fi i\u00e7inde \u00e7al\u0131\u015fmalar haz\u0131rlamaya \u00e7al\u0131\u015ft\u0131\u011f\u0131n\u0131 kaydetti.<\/p>\n<p style=\"text-align: justify;\">Halk Meclisi \u00fcyesi ve &#8220;\u00dclkem \u0130\u00e7in&#8221; derne\u011finin ba\u015fkan\u0131 Dr. Ruba Mirza ise kad\u0131n ve \u00e7ocuk haklar\u0131n\u0131 g\u00fcvence alt\u0131na alan yasa ve mevzuatlar hakk\u0131nda fark\u0131ndal\u0131k yaratman\u0131n ve bu konularda sa\u011fl\u0131kl\u0131 bir aile kurmak i\u00e7in toplumsal fark\u0131ndal\u0131k olu\u015fturman\u0131n \u00f6nemine dikkat \u00e7ekti.<\/p>\n<p style=\"text-align: justify;\">Konferansa, Y\u00fcksek E\u011fitim ve Bilimsel Ara\u015ft\u0131rma Bakan\u0131 Dr. Bessam \u0130brahim, Sosyalist Arap Baas Partisi \u015eam \u00dcniversitesi \u015fube sekreteri Dr. Halid Al Halbuni, \u015fube liderli\u011finin baz\u0131 \u00fcyeleri, Suriyeli Ulusal \u00d6\u011frenciler Birli\u011fi Ba\u015fkan\u0131 Darin Suleyman, \u00fcniversitenin ba\u015fkan yard\u0131mc\u0131lar\u0131, \u00e7ok say\u0131da fak\u00fclte dekan\u0131 ve \u00f6\u011fretim \u00fcyesi kat\u0131ld\u0131.<\/p>\n<p style=\"text-align: justify;\"><span style=\"color: #0000ff;\"><a class=\"oajrlxb2 g5ia77u1 qu0x051f esr5mh6w e9989ue4 r7d6kgcz rq0escxv nhd2j8a9 nc684nl6 p7hjln8o kvgmc6g5 cxmmr5t8 oygrvhab hcukyx3x jb3vyjys rz4wbd8a qt6c0cv9 a8nywdso i1ao9s8h esuyzwwr f1sip0of lzcic4wl gpro0wi8 q66pz984 b1v8xokw\" style=\"color: #0000ff;\" tabindex=\"0\" role=\"link\" href=\"https:\/\/www.facebook.com\/hashtag\/telegram_kanal%C4%B1m%C4%B1z?__eep__=6&amp;__cft__[0]=AZWWyy5bZmPcIyvrHhDzZ3jd-zCmvoPmS_W0n0qI6SyQWuGX_rYnq1NICh8LgQCgYxqPorN91vkS-Qy0eBPW-JMszfzQxHojtS1ddv5GrjIG21ZkUqdbEwxH6hBoX-53M1iuXyPNMYe_SX3-Vh_7VKG2F1bWiTdAkwWiSeZW5uHrEw&amp;__tn__=*NK-R\">#Telegram_Kanal\u0131m\u0131z<\/a>:<a class=\"oajrlxb2 g5ia77u1 qu0x051f esr5mh6w e9989ue4 r7d6kgcz rq0escxv nhd2j8a9 nc684nl6 p7hjln8o kvgmc6g5 cxmmr5t8 oygrvhab hcukyx3x jb3vyjys rz4wbd8a qt6c0cv9 a8nywdso i1ao9s8h esuyzwwr f1sip0of lzcic4wl gpro0wi8 py34i1dx\" style=\"color: #0000ff;\" tabindex=\"0\" role=\"link\" href=\"https:\/\/t.me\/SuriyeArapHaberAjans?fbclid=IwAR1RbGKjzeLtwMK4vS3ihR2Yft7aiaT9l207EmxgNsYtYUsUUqutSUcWFxI\" target=\"_blank\" rel=\"nofollow noopener\">https:\/\/t.me\/SuriyeArapHaberAjans<\/a><\/span><\/p>\n","protected":false},"excerpt":{"rendered":"<p>\u015eAM &#8211; Vak\u0131flar Bakan\u0131 Dr. Muhammed Abdul Settar El Seyyid, \u015fiddetten uzak sa\u011fl\u0131kl\u0131 bir aile kurmak ve \u00e7ocuklar\u0131 sevgi dolu bir aile ortam\u0131nda psikolojik ve fiziksel g\u00fcvenliklerini garanti edecek \u015fekilde yeti\u015ftirmek i\u00e7in kar\u0131 koca aras\u0131nda merhamet ve hak ve g\u00f6revlere sayg\u0131l\u0131 olan sevginin \u00f6nemini vurgulad\u0131. Bakan El Seyyid, bug\u00fcn \u015eam \u00dcniversitesi&#8217;nde verdi\u011fi &#8220;Aile \u0130\u00e7i \u015eiddetin &hellip;<\/p>\n","protected":false},"author":1,"featured_media":260616,"comment_status":"closed","ping_status":"closed","sticky":false,"template":"","format":"standard","meta":{"footnotes":""},"categories":[479,17988,478],"tags":[],"class_list":["post-260615","post","type-post","status-publish","format-standard","has-post-thumbnail","","category-haberler-yerel","category-son-haberler","category-yerel"],"_links":{"self":[{"href":"https:\/\/archive.sana.sy\/tr\/index.php?rest_route=\/wp\/v2\/posts\/260615","targetHints":{"allow":["GET"]}}],"collection":[{"href":"https:\/\/archive.sana.sy\/tr\/index.php?rest_route=\/wp\/v2\/posts"}],"about":[{"href":"https:\/\/archive.sana.sy\/tr\/index.php?rest_route=\/wp\/v2\/types\/post"}],"author":[{"embeddable":true,"href":"https:\/\/archive.sana.sy\/tr\/index.php?rest_route=\/wp\/v2\/users\/1"}],"replies":[{"embeddable":true,"href":"https:\/\/archive.sana.sy\/tr\/index.php?rest_route=%2Fwp%2Fv2%2Fcomments&post=260615"}],"version-history":[{"count":0,"href":"https:\/\/archive.sana.sy\/tr\/index.php?rest_route=\/wp\/v2\/posts\/260615\/revisions"}],"wp:featuredmedia":[{"embeddable":true,"href":"https:\/\/archive.sana.sy\/tr\/index.php?rest_route=\/wp\/v2\/media\/260616"}],"wp:attachment":[{"href":"https:\/\/archive.sana.sy\/tr\/index.php?rest_route=%2Fwp%2Fv2%2Fmedia&parent=260615"}],"wp:term":[{"taxonomy":"category","embeddable":true,"href":"https:\/\/archive.sana.sy\/tr\/index.php?rest_route=%2Fwp%2Fv2%2Fcategories&post=260615"},{"taxonomy":"post_tag","embeddable":true,"href":"https:\/\/archive.sana.sy\/tr\/index.php?rest_route=%2Fwp%2Fv2%2Ftags&post=260615"}],"curies":[{"name":"wp","href":"https:\/\/api.w.org\/{rel}","templated":true}]}}