{"id":260645,"date":"2022-08-15T08:57:12","date_gmt":"2022-08-15T05:57:12","guid":{"rendered":"http:\/\/107.6.182.27\/tr\/?p=260645"},"modified":"2022-08-17T08:09:00","modified_gmt":"2022-08-17T05:09:00","slug":"israil-isgal-gucleri-ramallada-7-filistinliyi-tutukladi","status":"publish","type":"post","link":"https:\/\/archive.sana.sy\/tr\/?p=260645","title":{"rendered":"\u0130srail \u0130\u015fgal G\u00fc\u00e7leri, Ramalla&#8217;da 7 Filistinliyi Tutuklad\u0131"},"content":{"rendered":"<p>\u0130\u015eGAL ED\u0130LEN KUD\u00dcS \u2013 \u0130srail i\u015fgal g\u00fc\u00e7leri, Bat\u0131 Yaka&#8217;daki Ramalla kentinde 7 Filistinliyi tutuklad\u0131.<\/p>\n<p>Filistinli MAAN Haber Ajans\u0131, i\u015fgal g\u00fc\u00e7lerinin, Ramalla kentinin kuzeybat\u0131s\u0131ndaki Deyr Ebu Me\u015fal beldesine bask\u0131n d\u00fczenledi\u011fini belirtirken, 7 Filistinliyi tutuklad\u0131\u011f\u0131na \u0130\u015faret etti.<\/p>\n<p><span style=\"color: #0000ff;\">#Telegram_Kanal\u0131m\u0131z: https:\/\/t.me\/SuriyeArapHaberAjans<\/span><\/p>\n","protected":false},"excerpt":{"rendered":"<p>\u0130\u015eGAL ED\u0130LEN KUD\u00dcS \u2013 \u0130srail i\u015fgal g\u00fc\u00e7leri, Bat\u0131 Yaka&#8217;daki Ramalla kentinde 7 Filistinliyi tutuklad\u0131. Filistinli MAAN Haber Ajans\u0131, i\u015fgal g\u00fc\u00e7lerinin, Ramalla kentinin kuzeybat\u0131s\u0131ndaki Deyr Ebu Me\u015fal beldesine bask\u0131n d\u00fczenledi\u011fini belirtirken, 7 Filistinliyi tutuklad\u0131\u011f\u0131na \u0130\u015faret etti. #Telegram_Kanal\u0131m\u0131z: https:\/\/t.me\/SuriyeArapHaberAjans<\/p>\n","protected":false},"author":39,"featured_media":260646,"comment_status":"closed","ping_status":"closed","sticky":false,"template":"","format":"standard","meta":{"footnotes":""},"categories":[458,459,17988],"tags":[],"class_list":["post-260645","post","type-post","status-publish","format-standard","has-post-thumbnail","","category-dunya1","category-haberler-arap-uluslararasi-politika","category-son-haberler"],"_links":{"self":[{"href":"https:\/\/archive.sana.sy\/tr\/index.php?rest_route=\/wp\/v2\/posts\/260645","targetHints":{"allow":["GET"]}}],"collection":[{"href":"https:\/\/archive.sana.sy\/tr\/index.php?rest_route=\/wp\/v2\/posts"}],"about":[{"href":"https:\/\/archive.sana.sy\/tr\/index.php?rest_route=\/wp\/v2\/types\/post"}],"author":[{"embeddable":true,"href":"https:\/\/archive.sana.sy\/tr\/index.php?rest_route=\/wp\/v2\/users\/39"}],"replies":[{"embeddable":true,"href":"https:\/\/archive.sana.sy\/tr\/index.php?rest_route=%2Fwp%2Fv2%2Fcomments&post=260645"}],"version-history":[{"count":0,"href":"https:\/\/archive.sana.sy\/tr\/index.php?rest_route=\/wp\/v2\/posts\/260645\/revisions"}],"wp:featuredmedia":[{"embeddable":true,"href":"https:\/\/archive.sana.sy\/tr\/index.php?rest_route=\/wp\/v2\/media\/260646"}],"wp:attachment":[{"href":"https:\/\/archive.sana.sy\/tr\/index.php?rest_route=%2Fwp%2Fv2%2Fmedia&parent=260645"}],"wp:term":[{"taxonomy":"category","embeddable":true,"href":"https:\/\/archive.sana.sy\/tr\/index.php?rest_route=%2Fwp%2Fv2%2Fcategories&post=260645"},{"taxonomy":"post_tag","embeddable":true,"href":"https:\/\/archive.sana.sy\/tr\/index.php?rest_route=%2Fwp%2Fv2%2Ftags&post=260645"}],"curies":[{"name":"wp","href":"https:\/\/api.w.org\/{rel}","templated":true}]}}