{"id":260727,"date":"2022-08-16T13:47:26","date_gmt":"2022-08-16T10:47:26","guid":{"rendered":"http:\/\/107.6.182.27\/tr\/?p=260727"},"modified":"2022-08-17T08:11:32","modified_gmt":"2022-08-17T05:11:32","slug":"turk-isgali-rakkanin-kuzey-kirsalina-yonelik-saldirilarini-yineledi","status":"publish","type":"post","link":"https:\/\/archive.sana.sy\/tr\/?p=260727","title":{"rendered":"T\u00fcrk \u0130\u015fgali Rakka&#8217;n\u0131n Kuzey K\u0131rsal\u0131na Y\u00f6nelik Sald\u0131r\u0131lar\u0131n\u0131 Yineledi"},"content":{"rendered":"<p>RAKKA &#8211; T\u00fcrk i\u015fgal g\u00fc\u00e7leri, s\u0131n\u0131r \u015feridi yak\u0131n\u0131nda i\u015fgal ettikleri b\u00f6lgelerden ba\u015flayarak Rakka&#8217;n\u0131n kuzey k\u0131rsal\u0131ndaki g\u00fcvenli k\u00f6ylere y\u00f6nelik sald\u0131r\u0131lar\u0131n\u0131 yineledi.<\/p>\n<p>Yerel kaynaklar SANA muhabirine a\u00e7\u0131klamalar\u0131nda, T\u00fcrk i\u015fgal g\u00fc\u00e7lerinin bug\u00fcn bir dizi a\u011f\u0131r top mermisiyle Sayda, Al Muallak k\u00f6ylerindeki yerle\u015fim b\u00f6lgeleri ve uluslararas\u0131 &#8220;M4&#8221; karayolu civar\u0131ndaki yerle\u015fim b\u00f6lgeleriyle Rakka&#8217;n\u0131n kuzeyindeki Tel Abyad&#8217;\u0131n bat\u0131 k\u0131rsal\u0131na sald\u0131rd\u0131\u011f\u0131n\u0131 s\u00f6yledi.<\/p>\n<p>Kaynaklar, sald\u0131r\u0131lar\u0131n ev, m\u00fclk ve kamu tesislerinde maddi hasara yol a\u00e7t\u0131\u011f\u0131na dikkat \u00e7ekti.<\/p>\n<p><a class=\"oajrlxb2 g5ia77u1 qu0x051f esr5mh6w e9989ue4 r7d6kgcz rq0escxv nhd2j8a9 nc684nl6 p7hjln8o kvgmc6g5 cxmmr5t8 oygrvhab hcukyx3x jb3vyjys rz4wbd8a qt6c0cv9 a8nywdso i1ao9s8h esuyzwwr f1sip0of lzcic4wl gpro0wi8 q66pz984 b1v8xokw\" tabindex=\"0\" role=\"link\" href=\"https:\/\/www.facebook.com\/hashtag\/telegram_kanal%C4%B1m%C4%B1z?__eep__=6&amp;__cft__[0]=AZXD8CE0j9Dq6d1ENKBOMIiYXadC1Ds5KXocvUzqHaNFsYUvWpUJ3pbJaxzt7J2nKi1JrrdCdDtXcxWy3FGsG9sbyTLuD82KgsgToEgO_zYvQc3dT_X-V429AhQKmRC_SCU&amp;__tn__=*NK-R\">#Telegram_Kanal\u0131m\u0131z<\/a>:<a class=\"oajrlxb2 g5ia77u1 qu0x051f esr5mh6w e9989ue4 r7d6kgcz rq0escxv nhd2j8a9 nc684nl6 p7hjln8o kvgmc6g5 cxmmr5t8 oygrvhab hcukyx3x jb3vyjys rz4wbd8a qt6c0cv9 a8nywdso i1ao9s8h esuyzwwr f1sip0of lzcic4wl gpro0wi8 py34i1dx\" tabindex=\"0\" role=\"link\" href=\"https:\/\/t.me\/SuriyeArapHaberAjans?fbclid=IwAR0wLz4Dhl8GSNGer7CS8ne_YivsPWKtgUsrTo0WZVP_4IA2lIYTH9USSY0\" target=\"_blank\" rel=\"nofollow noopener\">https:\/\/t.me\/SuriyeArapHaberAjans<\/a><\/p>\n","protected":false},"excerpt":{"rendered":"<p>RAKKA &#8211; T\u00fcrk i\u015fgal g\u00fc\u00e7leri, s\u0131n\u0131r \u015feridi yak\u0131n\u0131nda i\u015fgal ettikleri b\u00f6lgelerden ba\u015flayarak Rakka&#8217;n\u0131n kuzey k\u0131rsal\u0131ndaki g\u00fcvenli k\u00f6ylere y\u00f6nelik sald\u0131r\u0131lar\u0131n\u0131 yineledi. Yerel kaynaklar SANA muhabirine a\u00e7\u0131klamalar\u0131nda, T\u00fcrk i\u015fgal g\u00fc\u00e7lerinin bug\u00fcn bir dizi a\u011f\u0131r top mermisiyle Sayda, Al Muallak k\u00f6ylerindeki yerle\u015fim b\u00f6lgeleri ve uluslararas\u0131 &#8220;M4&#8221; karayolu civar\u0131ndaki yerle\u015fim b\u00f6lgeleriyle Rakka&#8217;n\u0131n kuzeyindeki Tel Abyad&#8217;\u0131n bat\u0131 k\u0131rsal\u0131na sald\u0131rd\u0131\u011f\u0131n\u0131 s\u00f6yledi. &hellip;<\/p>\n","protected":false},"author":1,"featured_media":260728,"comment_status":"closed","ping_status":"closed","sticky":false,"template":"","format":"standard","meta":{"footnotes":""},"categories":[479,516,575,17988,2555,478],"tags":[],"class_list":["post-260727","post","type-post","status-publish","format-standard","has-post-thumbnail","","category-haberler-yerel","category-haberler-kultur-ve-sanat","category-olaylar-ve-gercekler","category-son-haberler","category-suriye-ve-turkiye","category-yerel"],"_links":{"self":[{"href":"https:\/\/archive.sana.sy\/tr\/index.php?rest_route=\/wp\/v2\/posts\/260727","targetHints":{"allow":["GET"]}}],"collection":[{"href":"https:\/\/archive.sana.sy\/tr\/index.php?rest_route=\/wp\/v2\/posts"}],"about":[{"href":"https:\/\/archive.sana.sy\/tr\/index.php?rest_route=\/wp\/v2\/types\/post"}],"author":[{"embeddable":true,"href":"https:\/\/archive.sana.sy\/tr\/index.php?rest_route=\/wp\/v2\/users\/1"}],"replies":[{"embeddable":true,"href":"https:\/\/archive.sana.sy\/tr\/index.php?rest_route=%2Fwp%2Fv2%2Fcomments&post=260727"}],"version-history":[{"count":0,"href":"https:\/\/archive.sana.sy\/tr\/index.php?rest_route=\/wp\/v2\/posts\/260727\/revisions"}],"wp:featuredmedia":[{"embeddable":true,"href":"https:\/\/archive.sana.sy\/tr\/index.php?rest_route=\/wp\/v2\/media\/260728"}],"wp:attachment":[{"href":"https:\/\/archive.sana.sy\/tr\/index.php?rest_route=%2Fwp%2Fv2%2Fmedia&parent=260727"}],"wp:term":[{"taxonomy":"category","embeddable":true,"href":"https:\/\/archive.sana.sy\/tr\/index.php?rest_route=%2Fwp%2Fv2%2Fcategories&post=260727"},{"taxonomy":"post_tag","embeddable":true,"href":"https:\/\/archive.sana.sy\/tr\/index.php?rest_route=%2Fwp%2Fv2%2Ftags&post=260727"}],"curies":[{"name":"wp","href":"https:\/\/api.w.org\/{rel}","templated":true}]}}