{"id":260731,"date":"2022-08-16T23:00:23","date_gmt":"2022-08-16T20:00:23","guid":{"rendered":"http:\/\/107.6.182.27\/tr\/?p=260731"},"modified":"2022-08-17T13:40:03","modified_gmt":"2022-08-17T10:40:03","slug":"turk-isgal-ucaklarinin-halep-kirsalinda-duzenledigi-saldirida-3-asker-sehit-oldu-6-asker-de-yaralandi","status":"publish","type":"post","link":"https:\/\/archive.sana.sy\/tr\/?p=260731","title":{"rendered":"T\u00fcrk I\u015fgal U\u00e7aklar\u0131n\u0131n Halep K\u0131rsal\u0131nda D\u00fczenledi\u011fi Sald\u0131r\u0131da 3 Asker \u015eehit Oldu, 6 Asker De Yaraland\u0131"},"content":{"rendered":"<p style=\"text-align: justify;\">\u015eAM \u2013 T\u00fcrk i\u015fgal u\u00e7aklar\u0131n\u0131n Halep k\u0131rsal\u0131nda d\u00fczenledi\u011fi sald\u0131r\u0131da 3 asker \u015fehit oldu, 6 asker de yaraland\u0131.<\/p>\n<p style=\"text-align: justify;\">Askeri bir kaynak SANA\u2019ya bulundu\u011fu a\u00e7\u0131lamada, \u201cT\u00fcrk sava\u015f u\u00e7aklar\u0131 bu \u00f6\u011fleden sonra 2:37 ile 3:00 saatleri aras\u0131nda Halep k\u0131rsal\u0131ndaki baz\u0131 askeri noktalar\u0131 hedef ald\u0131, \u00fc\u00e7 askeri \u015fehit oldu ve alt\u0131 askeri de yaralad\u0131\u201d dedi.<\/p>\n<p style=\"text-align: justify;\">Kaynak, \u201cBu sald\u0131r\u0131, T\u00fcrk rejiminin silahl\u0131 ter\u00f6r gruplar\u0131na verdi\u011fi deste\u011fin devam etmesi ba\u011flam\u0131nda ortaya \u00e7\u0131k\u0131yor ve silahl\u0131 kuvvetlerimiz, i\u015fgal b\u00f6lgelerini hedef alarak, baz\u0131lar\u0131n\u0131 imha ederek ve onlara insan ve maddi kay\u0131plar vererek sald\u0131r\u0131ya kar\u015f\u0131l\u0131k verdi.. ayr\u0131ca silahl\u0131 ter\u00f6r gruplar\u0131n\u0131n mevzileri hedef al\u0131nm\u0131\u015f, baz\u0131 noktalar\u0131 ve e\u011fitim merkezleri imha edilmi\u015ftir&#8221; ifadeleri s\u00f6zlerine ekledi.<\/p>\n<p style=\"text-align: justify;\">Kaynak a\u00e7\u0131klamas\u0131na devam ederek, &#8220;T\u00fcrk rejiminin uygulad\u0131\u011f\u0131 provokasyonlar\u0131n yo\u011funla\u015fmas\u0131 ve Suriye topraklar\u0131n\u0131n farkl\u0131 b\u00f6lgelerine tekrarlanan sald\u0131r\u0131larla, silahl\u0131 kuvvetlerimizin herhangi bir askeri noktas\u0131na yap\u0131lacak herhangi bir sald\u0131r\u0131n\u0131n t\u00fcm cephelerde do\u011frudan ve an\u0131nda yan\u0131tla kar\u015f\u0131lanaca\u011f\u0131n\u0131 teyit ediyoruz&#8221; dedi.<\/p>\n<p style=\"text-align: justify;\">P.M.<\/p>\n","protected":false},"excerpt":{"rendered":"<p>\u015eAM \u2013 T\u00fcrk i\u015fgal u\u00e7aklar\u0131n\u0131n Halep k\u0131rsal\u0131nda d\u00fczenledi\u011fi sald\u0131r\u0131da 3 asker \u015fehit oldu, 6 asker de yaraland\u0131. Askeri bir kaynak SANA\u2019ya bulundu\u011fu a\u00e7\u0131lamada, \u201cT\u00fcrk sava\u015f u\u00e7aklar\u0131 bu \u00f6\u011fleden sonra 2:37 ile 3:00 saatleri aras\u0131nda Halep k\u0131rsal\u0131ndaki baz\u0131 askeri noktalar\u0131 hedef ald\u0131, \u00fc\u00e7 askeri \u015fehit oldu ve alt\u0131 askeri de yaralad\u0131\u201d dedi. Kaynak, \u201cBu sald\u0131r\u0131, T\u00fcrk &hellip;<\/p>\n","protected":false},"author":1,"featured_media":0,"comment_status":"closed","ping_status":"closed","sticky":false,"template":"","format":"standard","meta":{"footnotes":""},"categories":[479,575,17988,478],"tags":[],"class_list":["post-260731","post","type-post","status-publish","format-standard","","category-haberler-yerel","category-olaylar-ve-gercekler","category-son-haberler","category-yerel"],"_links":{"self":[{"href":"https:\/\/archive.sana.sy\/tr\/index.php?rest_route=\/wp\/v2\/posts\/260731","targetHints":{"allow":["GET"]}}],"collection":[{"href":"https:\/\/archive.sana.sy\/tr\/index.php?rest_route=\/wp\/v2\/posts"}],"about":[{"href":"https:\/\/archive.sana.sy\/tr\/index.php?rest_route=\/wp\/v2\/types\/post"}],"author":[{"embeddable":true,"href":"https:\/\/archive.sana.sy\/tr\/index.php?rest_route=\/wp\/v2\/users\/1"}],"replies":[{"embeddable":true,"href":"https:\/\/archive.sana.sy\/tr\/index.php?rest_route=%2Fwp%2Fv2%2Fcomments&post=260731"}],"version-history":[{"count":0,"href":"https:\/\/archive.sana.sy\/tr\/index.php?rest_route=\/wp\/v2\/posts\/260731\/revisions"}],"wp:attachment":[{"href":"https:\/\/archive.sana.sy\/tr\/index.php?rest_route=%2Fwp%2Fv2%2Fmedia&parent=260731"}],"wp:term":[{"taxonomy":"category","embeddable":true,"href":"https:\/\/archive.sana.sy\/tr\/index.php?rest_route=%2Fwp%2Fv2%2Fcategories&post=260731"},{"taxonomy":"post_tag","embeddable":true,"href":"https:\/\/archive.sana.sy\/tr\/index.php?rest_route=%2Fwp%2Fv2%2Ftags&post=260731"}],"curies":[{"name":"wp","href":"https:\/\/api.w.org\/{rel}","templated":true}]}}