{"id":260746,"date":"2022-08-17T08:33:38","date_gmt":"2022-08-17T05:33:38","guid":{"rendered":"http:\/\/107.6.182.27\/tr\/?p=260746"},"modified":"2022-08-18T08:10:44","modified_gmt":"2022-08-18T05:10:44","slug":"turk-isgali-suriye-topraklarinda-yeni-bir-saldiri-hazirligi-icin-guclerini-seferber-ediyor","status":"publish","type":"post","link":"https:\/\/archive.sana.sy\/tr\/?p=260746","title":{"rendered":"T\u00fcrk \u0130\u015fgali Suriye Topraklar\u0131nda Yeni Bir Sald\u0131r\u0131 Haz\u0131rl\u0131\u011f\u0131 \u0130\u00e7in G\u00fc\u00e7lerini Seferber Ediyor"},"content":{"rendered":"<p>HASEKE \u2013 RAKKA \u2013 T\u00fcrk i\u015fgal g\u00fc\u00e7leri Halep k\u0131rsal\u0131nda Cerablus kentine kom\u015fu s\u0131n\u0131r kentlerdeki camilerde hoparl\u00f6rlerle uyar\u0131larda bulunarak halk\u0131 uyard\u0131 ve T\u00fcrk i\u015fgalinin Suriye topraklar\u0131na y\u00f6nelik yeni bir sald\u0131r\u0131 ba\u015flatmas\u0131na haz\u0131rl\u0131k olarak evlerinde kalmalar\u0131n\u0131 istedi.<\/p>\n<p>Yerel kaynaklar, T\u00fcrk i\u015fgalcinin uyar\u0131lar\u0131n\u0131n, b\u00f6lgeyi hedef alan yeni bir T\u00fcrk sald\u0131r\u0131s\u0131na haz\u0131rl\u0131k amac\u0131yla T\u00fcrk ke\u015fif u\u00e7aklar\u0131n\u0131n yo\u011fun u\u00e7u\u015fu, g\u00fc\u00e7lerinin Haseke, Rakka ve Halep illerindeki s\u0131n\u0131rlara biti\u015fik k\u0131rsal b\u00f6lgelerin \u00e7o\u011funda b\u00fcy\u00fck seferberli\u011fi ve ter\u00f6rist paral\u0131 askerlerinin seferber edilmesiyle ayn\u0131 zamana denk geldi\u011fini s\u00f6yledi.<\/p>\n<p><a class=\"oajrlxb2 g5ia77u1 qu0x051f esr5mh6w e9989ue4 r7d6kgcz rq0escxv nhd2j8a9 nc684nl6 p7hjln8o kvgmc6g5 cxmmr5t8 oygrvhab hcukyx3x jb3vyjys rz4wbd8a qt6c0cv9 a8nywdso i1ao9s8h esuyzwwr f1sip0of lzcic4wl gpro0wi8 q66pz984 b1v8xokw\" tabindex=\"0\" role=\"link\" href=\"https:\/\/www.facebook.com\/hashtag\/telegram_kanal%C4%B1m%C4%B1z?__eep__=6&amp;__cft__[0]=AZVglLS6lTH_k5XRCpi52TCRrz3TSKGfUlIqS1mZPbJgLbAm8z2vsmnVA45A7aKa3O544g3Pva0hpin20eNKvB4L9TdI4c_Z8qiNEhAG1BBvgMQmIDBsdO6uBZmd2T6r9uY&amp;__tn__=*NK-R\">#Telegram_Kanal\u0131m\u0131z<\/a>:<a class=\"oajrlxb2 g5ia77u1 qu0x051f esr5mh6w e9989ue4 r7d6kgcz rq0escxv nhd2j8a9 nc684nl6 p7hjln8o kvgmc6g5 cxmmr5t8 oygrvhab hcukyx3x jb3vyjys rz4wbd8a qt6c0cv9 a8nywdso i1ao9s8h esuyzwwr f1sip0of lzcic4wl gpro0wi8 py34i1dx\" tabindex=\"0\" role=\"link\" href=\"https:\/\/t.me\/SuriyeArapHaberAjans?fbclid=IwAR0T-c8ZKaNbFUBncwA7NNdaaPVxk5aV2WcbEtrQmVcqWTQGfQGZbebV1gU\" target=\"_blank\" rel=\"nofollow noopener\">https:\/\/t.me\/SuriyeArapHaberAjans<\/a><\/p>\n","protected":false},"excerpt":{"rendered":"<p>HASEKE \u2013 RAKKA \u2013 T\u00fcrk i\u015fgal g\u00fc\u00e7leri Halep k\u0131rsal\u0131nda Cerablus kentine kom\u015fu s\u0131n\u0131r kentlerdeki camilerde hoparl\u00f6rlerle uyar\u0131larda bulunarak halk\u0131 uyard\u0131 ve T\u00fcrk i\u015fgalinin Suriye topraklar\u0131na y\u00f6nelik yeni bir sald\u0131r\u0131 ba\u015flatmas\u0131na haz\u0131rl\u0131k olarak evlerinde kalmalar\u0131n\u0131 istedi. Yerel kaynaklar, T\u00fcrk i\u015fgalcinin uyar\u0131lar\u0131n\u0131n, b\u00f6lgeyi hedef alan yeni bir T\u00fcrk sald\u0131r\u0131s\u0131na haz\u0131rl\u0131k amac\u0131yla T\u00fcrk ke\u015fif u\u00e7aklar\u0131n\u0131n yo\u011fun u\u00e7u\u015fu, g\u00fc\u00e7lerinin &hellip;<\/p>\n","protected":false},"author":36,"featured_media":260747,"comment_status":"closed","ping_status":"closed","sticky":false,"template":"","format":"standard","meta":{"footnotes":""},"categories":[479,516,575,17988,478],"tags":[],"class_list":["post-260746","post","type-post","status-publish","format-standard","has-post-thumbnail","","category-haberler-yerel","category-haberler-kultur-ve-sanat","category-olaylar-ve-gercekler","category-son-haberler","category-yerel"],"_links":{"self":[{"href":"https:\/\/archive.sana.sy\/tr\/index.php?rest_route=\/wp\/v2\/posts\/260746","targetHints":{"allow":["GET"]}}],"collection":[{"href":"https:\/\/archive.sana.sy\/tr\/index.php?rest_route=\/wp\/v2\/posts"}],"about":[{"href":"https:\/\/archive.sana.sy\/tr\/index.php?rest_route=\/wp\/v2\/types\/post"}],"author":[{"embeddable":true,"href":"https:\/\/archive.sana.sy\/tr\/index.php?rest_route=\/wp\/v2\/users\/36"}],"replies":[{"embeddable":true,"href":"https:\/\/archive.sana.sy\/tr\/index.php?rest_route=%2Fwp%2Fv2%2Fcomments&post=260746"}],"version-history":[{"count":0,"href":"https:\/\/archive.sana.sy\/tr\/index.php?rest_route=\/wp\/v2\/posts\/260746\/revisions"}],"wp:featuredmedia":[{"embeddable":true,"href":"https:\/\/archive.sana.sy\/tr\/index.php?rest_route=\/wp\/v2\/media\/260747"}],"wp:attachment":[{"href":"https:\/\/archive.sana.sy\/tr\/index.php?rest_route=%2Fwp%2Fv2%2Fmedia&parent=260746"}],"wp:term":[{"taxonomy":"category","embeddable":true,"href":"https:\/\/archive.sana.sy\/tr\/index.php?rest_route=%2Fwp%2Fv2%2Fcategories&post=260746"},{"taxonomy":"post_tag","embeddable":true,"href":"https:\/\/archive.sana.sy\/tr\/index.php?rest_route=%2Fwp%2Fv2%2Ftags&post=260746"}],"curies":[{"name":"wp","href":"https:\/\/api.w.org\/{rel}","templated":true}]}}