{"id":260771,"date":"2022-08-17T13:40:19","date_gmt":"2022-08-17T10:40:19","guid":{"rendered":"http:\/\/107.6.182.27\/tr\/?p=260771"},"modified":"2022-08-18T11:02:35","modified_gmt":"2022-08-18T08:02:35","slug":"suriye-kendi-topraklarina-giren-veya-egemenligi-altindaki-bolgelerde-ikamet-eden-herhangi-bir-amerikan-vatandasini-kacirdigini-reddediyor","status":"publish","type":"post","link":"https:\/\/archive.sana.sy\/tr\/?p=260771","title":{"rendered":"Suriye, Kendi Topraklar\u0131na Giren Veya Egemenli\u011fi Alt\u0131ndaki B\u00f6lgelerde \u0130kamet Eden Herhangi Bir Amerikan Vatanda\u015f\u0131n\u0131 Ka\u00e7\u0131rd\u0131\u011f\u0131n\u0131 Reddediyor"},"content":{"rendered":"<p>\u015eAM \u2013 D\u0131\u015fi\u015fleri ve Gurbet\u00e7iler Bakanl\u0131\u011f\u0131, ge\u00e7en hafta ABD Ba\u015fkan\u0131 ve D\u0131\u015fi\u015fleri Bakan\u0131 taraf\u0131ndan temsil edilen ABD y\u00f6netimi taraf\u0131ndan, Suriye h\u00fck\u00fcmetinin ABD Ordusunda bir asker olan Austin Tice de dahil olmak \u00fczere ABD vatanda\u015flar\u0131n\u0131 ka\u00e7\u0131rmak veya tutuklamakla ilgili yanl\u0131\u015f su\u00e7lamalar i\u00e7eren yan\u0131lt\u0131c\u0131 ve mant\u0131ks\u0131z a\u00e7\u0131klamalar yay\u0131nlad\u0131\u011f\u0131n\u0131 a\u00e7\u0131klad\u0131.<\/p>\n<p>D\u0131\u015fi\u015fleri Bakanl\u0131\u011f\u0131 yay\u0131nlad\u0131\u011f\u0131 ve SANA\u2019n\u0131n n\u00fcshas\u0131n\u0131 ald\u0131\u011f\u0131 beyanda, ABD h\u00fck\u00fcmetinin y\u0131llar \u00f6nce Austin Tice ve di\u011fer Amerikal\u0131lar\u0131n Suriye Arap Cumhuriyeti topraklar\u0131na yasad\u0131\u015f\u0131 yollardan girdi\u011fini kabul etti\u011fi belirtti.<\/p>\n<p>Bakanl\u0131k, Suriye Arap Cumhuriyeti h\u00fck\u00fcmeti, kendi topraklar\u0131na giren veya Suriye h\u00fck\u00fcmetinin egemenlik ve yetkisi alt\u0131ndaki b\u00f6lgelerde ikamet eden herhangi bir Amerikan vatanda\u015f\u0131n\u0131 ka\u00e7\u0131rd\u0131\u011f\u0131n\u0131 veya saklad\u0131\u011f\u0131n\u0131 reddediyor ve Uluslararas\u0131 hukuk ilkelerine ve Viyana Konsolosluk \u0130li\u015fkileri S\u00f6zle\u015fmesi h\u00fck\u00fcmlerine mutlak ba\u011fl\u0131l\u0131\u011f\u0131n\u0131 vurgulamaktad\u0131r.<\/p>\n<p>A\u00e7\u0131klamada, &#8220;Suriye, Amerikan kamuoyunun ve Amerikal\u0131 yetkililerini, \u00fclkelerinin h\u00fck\u00fcmetlerinin Viyana Konsolosluk \u0130li\u015fkileri S\u00f6zle\u015fmesi h\u00fck\u00fcmlerini ve Diplomatik \u0130li\u015fkilere \u0130li\u015fkin Viyana S\u00f6zle\u015fmesi h\u00fck\u00fcmlerini ihlal etti\u011fi ger\u00e7e\u011fine dikkat \u00e7ekti.<\/p>\n<p>Bakanl\u0131k, ABD h\u00fck\u00fcmeti g\u00f6z yumarak ve hatta onlarca ABD vatanda\u015f\u0131n\u0131 Suriye h\u00fck\u00fcmetinin izni olmadan ve yasad\u0131\u015f\u0131 yollardan, yasad\u0131\u015f\u0131 s\u0131n\u0131r ge\u00e7i\u015flerinden veya silahl\u0131 ter\u00f6r \u00f6rg\u00fctlerinin kontrol etti\u011fi b\u00f6lgelere s\u0131zarak, Suriye&#8217;ye gitmeye ve kendi topraklar\u0131na girmeye te\u015fvik etti\u011fine i\u015faret etti.<\/p>\n<p>D\u0131\u015fi\u015fleri Bakanl\u0131\u011f\u0131, Suriye&#8217;nin ABD h\u00fck\u00fcmeti taraf\u0131yla herhangi bir diyalog veya resmi ileti\u015fimin yaln\u0131zca kamuya a\u00e7\u0131k olaca\u011f\u0131n\u0131 ve Suriye Arap Cumhuriyeti&#8217;nin egemenli\u011fine, ba\u011f\u0131ms\u0131zl\u0131\u011f\u0131na ve toprak b\u00fct\u00fcnl\u00fc\u011f\u00fcne sayg\u0131 duymaya ve i\u00e7i\u015flerine m\u00fcdahale etmemeye dayanaca\u011f\u0131n\u0131 teyit etti\u011fini a\u00e7\u0131klad\u0131.<\/p>\n<p>Bakanl\u0131k, &#8220;Amerikan taraf\u0131, Suriye topraklar\u0131nda yasad\u0131\u015f\u0131 olarak bulunan askeri g\u00fc\u00e7lerini derhal ve ko\u015fulsuz olarak geri \u00e7ekmeli, Suriye petrol ve bu\u011fday\u0131n\u0131 \u00e7almaktan ve ka\u00e7ak\u00e7\u0131l\u0131k yapmaktan ka\u00e7\u0131nmal\u0131, ABD&#8217;nin yasa d\u0131\u015f\u0131 askeri \u00fcss\u00fc \u201cTanf\u201dta bulunan silahl\u0131 ayr\u0131l\u0131k\u00e7\u0131 gruplar ve silahl\u0131 ter\u00f6r gruplar\u0131na y\u00f6nelik \u00f6rt\u00fc ve koruman\u0131n kald\u0131rmal\u0131 ve ABD y\u00f6netimlerinin Suriye halk\u0131na dayatt\u0131\u011f\u0131 tek tarafl\u0131 zorlay\u0131c\u0131 yapt\u0131r\u0131mlara ko\u015fulsuz ve kesin bir son vermelidir\u201d dedi.<\/p>\n<p><a class=\"oajrlxb2 g5ia77u1 qu0x051f esr5mh6w e9989ue4 r7d6kgcz rq0escxv nhd2j8a9 nc684nl6 p7hjln8o kvgmc6g5 cxmmr5t8 oygrvhab hcukyx3x jb3vyjys rz4wbd8a qt6c0cv9 a8nywdso i1ao9s8h esuyzwwr f1sip0of lzcic4wl gpro0wi8 q66pz984 b1v8xokw\" tabindex=\"0\" role=\"link\" href=\"https:\/\/www.facebook.com\/hashtag\/telegram_kanal%C4%B1m%C4%B1z?__eep__=6&amp;__cft__[0]=AZXmoQbNC1FXbok8P3xiE4215luS_SyHd8ZLEJpeaPNNsNhXidRjIVC73mnHsbdKHjsdJxCnC-bVpuAgGGgMqVLCvIK0-q8H7xqnDtxCNwIF-pfi0DNyITVOvYQsp-_JaiJRy4bKtgS31fkYXhkpZ2WTMNeJFtq_Lq65KmoWQC1vVQ&amp;__tn__=*NK-R\">#Telegram_Kanal\u0131m\u0131z<\/a>:<a class=\"oajrlxb2 g5ia77u1 qu0x051f esr5mh6w e9989ue4 r7d6kgcz rq0escxv nhd2j8a9 nc684nl6 p7hjln8o kvgmc6g5 cxmmr5t8 oygrvhab hcukyx3x jb3vyjys rz4wbd8a qt6c0cv9 a8nywdso i1ao9s8h esuyzwwr f1sip0of lzcic4wl gpro0wi8 py34i1dx\" tabindex=\"0\" role=\"link\" href=\"https:\/\/t.me\/SuriyeArapHaberAjans?fbclid=IwAR0X8lGG-vLqSw2uTyqiClhDKzmKGoOafGtzVJq_6oLoEctqIHnRQx_N-wU\" target=\"_blank\" rel=\"nofollow noopener\">https:\/\/t.me\/SuriyeArapHaberAjans<\/a><\/p>\n","protected":false},"excerpt":{"rendered":"<p>\u015eAM \u2013 D\u0131\u015fi\u015fleri ve Gurbet\u00e7iler Bakanl\u0131\u011f\u0131, ge\u00e7en hafta ABD Ba\u015fkan\u0131 ve D\u0131\u015fi\u015fleri Bakan\u0131 taraf\u0131ndan temsil edilen ABD y\u00f6netimi taraf\u0131ndan, Suriye h\u00fck\u00fcmetinin ABD Ordusunda bir asker olan Austin Tice de dahil olmak \u00fczere ABD vatanda\u015flar\u0131n\u0131 ka\u00e7\u0131rmak veya tutuklamakla ilgili yanl\u0131\u015f su\u00e7lamalar i\u00e7eren yan\u0131lt\u0131c\u0131 ve mant\u0131ks\u0131z a\u00e7\u0131klamalar yay\u0131nlad\u0131\u011f\u0131n\u0131 a\u00e7\u0131klad\u0131. D\u0131\u015fi\u015fleri Bakanl\u0131\u011f\u0131 yay\u0131nlad\u0131\u011f\u0131 ve SANA\u2019n\u0131n n\u00fcshas\u0131n\u0131 ald\u0131\u011f\u0131 beyanda, &hellip;<\/p>\n","protected":false},"author":36,"featured_media":260772,"comment_status":"closed","ping_status":"closed","sticky":false,"template":"","format":"standard","meta":{"footnotes":""},"categories":[479,17988,478],"tags":[],"class_list":["post-260771","post","type-post","status-publish","format-standard","has-post-thumbnail","","category-haberler-yerel","category-son-haberler","category-yerel"],"_links":{"self":[{"href":"https:\/\/archive.sana.sy\/tr\/index.php?rest_route=\/wp\/v2\/posts\/260771","targetHints":{"allow":["GET"]}}],"collection":[{"href":"https:\/\/archive.sana.sy\/tr\/index.php?rest_route=\/wp\/v2\/posts"}],"about":[{"href":"https:\/\/archive.sana.sy\/tr\/index.php?rest_route=\/wp\/v2\/types\/post"}],"author":[{"embeddable":true,"href":"https:\/\/archive.sana.sy\/tr\/index.php?rest_route=\/wp\/v2\/users\/36"}],"replies":[{"embeddable":true,"href":"https:\/\/archive.sana.sy\/tr\/index.php?rest_route=%2Fwp%2Fv2%2Fcomments&post=260771"}],"version-history":[{"count":0,"href":"https:\/\/archive.sana.sy\/tr\/index.php?rest_route=\/wp\/v2\/posts\/260771\/revisions"}],"wp:featuredmedia":[{"embeddable":true,"href":"https:\/\/archive.sana.sy\/tr\/index.php?rest_route=\/wp\/v2\/media\/260772"}],"wp:attachment":[{"href":"https:\/\/archive.sana.sy\/tr\/index.php?rest_route=%2Fwp%2Fv2%2Fmedia&parent=260771"}],"wp:term":[{"taxonomy":"category","embeddable":true,"href":"https:\/\/archive.sana.sy\/tr\/index.php?rest_route=%2Fwp%2Fv2%2Fcategories&post=260771"},{"taxonomy":"post_tag","embeddable":true,"href":"https:\/\/archive.sana.sy\/tr\/index.php?rest_route=%2Fwp%2Fv2%2Ftags&post=260771"}],"curies":[{"name":"wp","href":"https:\/\/api.w.org\/{rel}","templated":true}]}}