{"id":260777,"date":"2022-08-17T23:16:32","date_gmt":"2022-08-17T20:16:32","guid":{"rendered":"http:\/\/107.6.182.27\/tr\/?p=260777"},"modified":"2022-08-18T08:25:17","modified_gmt":"2022-08-18T05:25:17","slug":"saglik-bakanligi-ve-birlesmis-milletler-nufus-fonu-tibbi-hizmetler-saglamak-icin-ortak-isbirliginin-gelistirilmesini-tartisiyor","status":"publish","type":"post","link":"https:\/\/archive.sana.sy\/tr\/?p=260777","title":{"rendered":"Sa\u011fl\u0131k Bakanl\u0131\u011f\u0131 ve Birle\u015fmi\u015f Milletler N\u00fcfus Fonu, T\u0131bbi Hizmetler Sa\u011flamak \u0130\u00e7in Ortak I\u015fbirli\u011finin Geli\u015ftirilmesini Tart\u0131\u015f\u0131yor"},"content":{"rendered":"<p style=\"text-align: justify;\">\u015eAM \u2013 Sa\u011fl\u0131k Bakan\u0131 Hassan el \u011eabba\u015f, Birle\u015fmi\u015f Milletler N\u00fcfus Fonu Suriye Temsilcisi Hamir Abdel Mu\u011fni ile iki taraf aras\u0131ndaki koordinasyonu g\u00fc\u00e7lendirmenin ve ortak i\u015fbirli\u011fi alanlar\u0131n\u0131 geli\u015ftirmenin yollar\u0131n\u0131 tart\u0131\u015ft\u0131.<\/p>\n<p style=\"text-align: justify;\">El \u011eabba\u015f, Sa\u011fl\u0131k Bakanl\u0131\u011f\u0131&#8217;n\u0131n bu konuda referans kurulu\u015f olarak belirledi\u011fi sa\u011fl\u0131k sekt\u00f6r\u00fcn\u00fcn \u00f6nceliklerine ili\u015fkin koordinasyon derecesini art\u0131rma ihtiyac\u0131n\u0131n alt\u0131n\u0131 \u00e7izerek, istenen hizmeti sunmak i\u00e7in daha fazla destek ve esneklik \u00e7a\u011fr\u0131s\u0131nda bulunurken, Birle\u015fmi\u015f Milletler N\u00fcfus Fonu&#8217;nun Suriye&#8217;deki \u00e7abalar\u0131 i\u00e7in te\u015fekk\u00fcrlerini ifade etti.<\/p>\n<p style=\"text-align: justify;\">\u00d6te yandan Abdel Mu\u011fni, mevcut ko\u015fullar\u0131n getirdi\u011fi b\u00fcy\u00fck sorumluluklara ra\u011fmen Sa\u011fl\u0131k Bakanl\u0131\u011f\u0131&#8217;n\u0131n g\u00f6sterdi\u011fi i\u015fbirli\u011fine dikkat \u00e7ekerek, daha fazla koordinasyon ve i\u015fbirli\u011fi i\u00e7in her t\u00fcrl\u00fc haz\u0131r oldu\u011funu ifade etti.<\/p>\n<p style=\"text-align: justify;\">Toplant\u0131ya Sa\u011fl\u0131k Bakan Yard\u0131mc\u0131s\u0131 ve her iki taraftan \u00e7ok say\u0131da y\u00f6netici ve payda\u015f kat\u0131ld\u0131.<\/p>\n<p><a class=\"oajrlxb2 g5ia77u1 qu0x051f esr5mh6w e9989ue4 r7d6kgcz rq0escxv nhd2j8a9 nc684nl6 p7hjln8o kvgmc6g5 cxmmr5t8 oygrvhab hcukyx3x jb3vyjys rz4wbd8a qt6c0cv9 a8nywdso i1ao9s8h esuyzwwr f1sip0of lzcic4wl gpro0wi8 q66pz984 b1v8xokw\" tabindex=\"0\" role=\"link\" href=\"https:\/\/www.facebook.com\/hashtag\/telegram_kanal%C4%B1m%C4%B1z?__eep__=6&amp;__cft__[0]=AZVjIRPJzZlsrmfUtpLHirlbyM3uoti6WLfe-2NJscsA42U5nN7wDXIarg2H83kO1HCk4ULM1FEMdLjamuRaKHRFTrAaCw-8d40qsvjmNNjisSv-raI_Iw704sU9J28ux4M&amp;__tn__=*NK-R\">#Telegram_Kanal\u0131m\u0131z<\/a>: <a class=\"oajrlxb2 g5ia77u1 qu0x051f esr5mh6w e9989ue4 r7d6kgcz rq0escxv nhd2j8a9 nc684nl6 p7hjln8o kvgmc6g5 cxmmr5t8 oygrvhab hcukyx3x jb3vyjys rz4wbd8a qt6c0cv9 a8nywdso i1ao9s8h esuyzwwr f1sip0of lzcic4wl gpro0wi8 py34i1dx\" tabindex=\"0\" role=\"link\" href=\"https:\/\/t.me\/SuriyeArapHaberAjans?fbclid=IwAR20FAej8WCT0dVzr4YYgEC-ewyyxFcLC5UqGnR_tN3g1mg3j773AilVtHU\" target=\"_blank\" rel=\"nofollow noopener\">https:\/\/t.me\/SuriyeArapHaberAjans<\/a><\/p>\n<p style=\"text-align: justify;\">P.M.<\/p>\n","protected":false},"excerpt":{"rendered":"<p>\u015eAM \u2013 Sa\u011fl\u0131k Bakan\u0131 Hassan el \u011eabba\u015f, Birle\u015fmi\u015f Milletler N\u00fcfus Fonu Suriye Temsilcisi Hamir Abdel Mu\u011fni ile iki taraf aras\u0131ndaki koordinasyonu g\u00fc\u00e7lendirmenin ve ortak i\u015fbirli\u011fi alanlar\u0131n\u0131 geli\u015ftirmenin yollar\u0131n\u0131 tart\u0131\u015ft\u0131. El \u011eabba\u015f, Sa\u011fl\u0131k Bakanl\u0131\u011f\u0131&#8217;n\u0131n bu konuda referans kurulu\u015f olarak belirledi\u011fi sa\u011fl\u0131k sekt\u00f6r\u00fcn\u00fcn \u00f6nceliklerine ili\u015fkin koordinasyon derecesini art\u0131rma ihtiyac\u0131n\u0131n alt\u0131n\u0131 \u00e7izerek, istenen hizmeti sunmak i\u00e7in daha fazla &hellip;<\/p>\n","protected":false},"author":1,"featured_media":0,"comment_status":"closed","ping_status":"closed","sticky":false,"template":"","format":"standard","meta":{"footnotes":""},"categories":[479,17988,478],"tags":[],"class_list":["post-260777","post","type-post","status-publish","format-standard","","category-haberler-yerel","category-son-haberler","category-yerel"],"_links":{"self":[{"href":"https:\/\/archive.sana.sy\/tr\/index.php?rest_route=\/wp\/v2\/posts\/260777","targetHints":{"allow":["GET"]}}],"collection":[{"href":"https:\/\/archive.sana.sy\/tr\/index.php?rest_route=\/wp\/v2\/posts"}],"about":[{"href":"https:\/\/archive.sana.sy\/tr\/index.php?rest_route=\/wp\/v2\/types\/post"}],"author":[{"embeddable":true,"href":"https:\/\/archive.sana.sy\/tr\/index.php?rest_route=\/wp\/v2\/users\/1"}],"replies":[{"embeddable":true,"href":"https:\/\/archive.sana.sy\/tr\/index.php?rest_route=%2Fwp%2Fv2%2Fcomments&post=260777"}],"version-history":[{"count":0,"href":"https:\/\/archive.sana.sy\/tr\/index.php?rest_route=\/wp\/v2\/posts\/260777\/revisions"}],"wp:attachment":[{"href":"https:\/\/archive.sana.sy\/tr\/index.php?rest_route=%2Fwp%2Fv2%2Fmedia&parent=260777"}],"wp:term":[{"taxonomy":"category","embeddable":true,"href":"https:\/\/archive.sana.sy\/tr\/index.php?rest_route=%2Fwp%2Fv2%2Fcategories&post=260777"},{"taxonomy":"post_tag","embeddable":true,"href":"https:\/\/archive.sana.sy\/tr\/index.php?rest_route=%2Fwp%2Fv2%2Ftags&post=260777"}],"curies":[{"name":"wp","href":"https:\/\/api.w.org\/{rel}","templated":true}]}}