{"id":260780,"date":"2022-08-17T23:18:10","date_gmt":"2022-08-17T20:18:10","guid":{"rendered":"http:\/\/107.6.182.27\/tr\/?p=260780"},"modified":"2022-08-18T08:25:10","modified_gmt":"2022-08-18T05:25:10","slug":"haseke-kirsalindaki-aluk-su-istasyonuna-turk-isgali-ve-cetelerinin-saldirilari-devam-ediyor","status":"publish","type":"post","link":"https:\/\/archive.sana.sy\/tr\/?p=260780","title":{"rendered":"Haseke K\u0131rsal\u0131ndaki Aluk Su Istasyonuna T\u00fcrk \u0130\u015fgali ve \u00c7etelerinin Sald\u0131r\u0131lar\u0131 Devam Ediyor"},"content":{"rendered":"<p style=\"text-align: justify;\">HASEKE \u2013 Haseke k\u0131rsal\u0131n\u0131n kuzey\u0131nde i\u015fgal alt\u0131ndaki Rasulayn kentinin k\u0131rsal\u0131nda bulunan Alluk su projesine T\u00fcrk i\u015fgali ve ter\u00f6r \u00f6rg\u00fctlerinden olu\u015fan kiral\u0131klar\u0131n sald\u0131r\u0131lar\u0131 art arda on be\u015finci g\u00fcn olarak devam ederek \u015fehir merkezinde ya\u015fayanlara su pompalamada gecikmeye neden olmakta ve i\u00e7me suyuna ula\u015fma s\u0131k\u0131nt\u0131lar\u0131n\u0131 art\u0131r\u0131yor.<\/p>\n<p style=\"text-align: justify;\">Haseke \u0130li \u0130\u00e7me Suyu Kurumu M\u00fcd\u00fcr\u00fc M\u00fchendis Mahmud el \u0130kle SANA muhabirine yapt\u0131\u011f\u0131 a\u00e7\u0131klamada, \u201cRasulayn k\u0131rsal\u0131nda T\u00fcrk i\u015fgalinin kontrol\u00fcndeki b\u00f6lgelerde konumlanan ter\u00f6r gruplar\u0131, Allouk su istasyonuna ve onu besleyen elektrik hatlar\u0131na sald\u0131r\u0131lar\u0131n\u0131 s\u00fcrd\u00fcr\u00fcyor\u201d dedi. \u0130kle, el Dirbesiye elektrik santralinden Alluk istasyonuna gelen elektrik h\u0131rs\u0131zl\u0131\u011f\u0131 devam ediyor ve buna ba\u011fl\u0131 olarak a\u015f\u0131r\u0131 y\u00fckler nedeniyle s\u0131k s\u0131k elektrik kesintileri ya\u015fand\u0131\u011f\u0131n\u0131 s\u00f6zleri ekledi.<\/p>\n<p style=\"text-align: justify;\">\u0130kle, g\u00fcvenlik durumu ve Tel Tamer&#8217;in kuzey k\u0131rsal\u0131ndaki b\u00f6lgelere y\u00f6nelik s\u00fcrekli T\u00fcrk sald\u0131r\u0131lar\u0131 sonucunda, Su Kurumunun bak\u0131m at\u00f6lyelerinin bak\u0131m i\u00e7in iki g\u00fcnd\u00fcr Alluk&#8217;a gidemedi\u011fine dikkat \u00e7ekti.<\/p>\n<p><a class=\"oajrlxb2 g5ia77u1 qu0x051f esr5mh6w e9989ue4 r7d6kgcz rq0escxv nhd2j8a9 nc684nl6 p7hjln8o kvgmc6g5 cxmmr5t8 oygrvhab hcukyx3x jb3vyjys rz4wbd8a qt6c0cv9 a8nywdso i1ao9s8h esuyzwwr f1sip0of lzcic4wl gpro0wi8 q66pz984 b1v8xokw\" tabindex=\"0\" role=\"link\" href=\"https:\/\/www.facebook.com\/hashtag\/telegram_kanal%C4%B1m%C4%B1z?__eep__=6&amp;__cft__[0]=AZVjIRPJzZlsrmfUtpLHirlbyM3uoti6WLfe-2NJscsA42U5nN7wDXIarg2H83kO1HCk4ULM1FEMdLjamuRaKHRFTrAaCw-8d40qsvjmNNjisSv-raI_Iw704sU9J28ux4M&amp;__tn__=*NK-R\">#Telegram_Kanal\u0131m\u0131z<\/a>: <a class=\"oajrlxb2 g5ia77u1 qu0x051f esr5mh6w e9989ue4 r7d6kgcz rq0escxv nhd2j8a9 nc684nl6 p7hjln8o kvgmc6g5 cxmmr5t8 oygrvhab hcukyx3x jb3vyjys rz4wbd8a qt6c0cv9 a8nywdso i1ao9s8h esuyzwwr f1sip0of lzcic4wl gpro0wi8 py34i1dx\" tabindex=\"0\" role=\"link\" href=\"https:\/\/t.me\/SuriyeArapHaberAjans?fbclid=IwAR20FAej8WCT0dVzr4YYgEC-ewyyxFcLC5UqGnR_tN3g1mg3j773AilVtHU\" target=\"_blank\" rel=\"nofollow noopener\">https:\/\/t.me\/SuriyeArapHaberAjans<\/a><\/p>\n<p style=\"text-align: justify;\">P.M.<\/p>\n","protected":false},"excerpt":{"rendered":"<p>HASEKE \u2013 Haseke k\u0131rsal\u0131n\u0131n kuzey\u0131nde i\u015fgal alt\u0131ndaki Rasulayn kentinin k\u0131rsal\u0131nda bulunan Alluk su projesine T\u00fcrk i\u015fgali ve ter\u00f6r \u00f6rg\u00fctlerinden olu\u015fan kiral\u0131klar\u0131n sald\u0131r\u0131lar\u0131 art arda on be\u015finci g\u00fcn olarak devam ederek \u015fehir merkezinde ya\u015fayanlara su pompalamada gecikmeye neden olmakta ve i\u00e7me suyuna ula\u015fma s\u0131k\u0131nt\u0131lar\u0131n\u0131 art\u0131r\u0131yor. Haseke \u0130li \u0130\u00e7me Suyu Kurumu M\u00fcd\u00fcr\u00fc M\u00fchendis Mahmud el \u0130kle SANA &hellip;<\/p>\n","protected":false},"author":1,"featured_media":0,"comment_status":"closed","ping_status":"closed","sticky":false,"template":"","format":"standard","meta":{"footnotes":""},"categories":[479,575,17988,478],"tags":[],"class_list":["post-260780","post","type-post","status-publish","format-standard","","category-haberler-yerel","category-olaylar-ve-gercekler","category-son-haberler","category-yerel"],"_links":{"self":[{"href":"https:\/\/archive.sana.sy\/tr\/index.php?rest_route=\/wp\/v2\/posts\/260780","targetHints":{"allow":["GET"]}}],"collection":[{"href":"https:\/\/archive.sana.sy\/tr\/index.php?rest_route=\/wp\/v2\/posts"}],"about":[{"href":"https:\/\/archive.sana.sy\/tr\/index.php?rest_route=\/wp\/v2\/types\/post"}],"author":[{"embeddable":true,"href":"https:\/\/archive.sana.sy\/tr\/index.php?rest_route=\/wp\/v2\/users\/1"}],"replies":[{"embeddable":true,"href":"https:\/\/archive.sana.sy\/tr\/index.php?rest_route=%2Fwp%2Fv2%2Fcomments&post=260780"}],"version-history":[{"count":0,"href":"https:\/\/archive.sana.sy\/tr\/index.php?rest_route=\/wp\/v2\/posts\/260780\/revisions"}],"wp:attachment":[{"href":"https:\/\/archive.sana.sy\/tr\/index.php?rest_route=%2Fwp%2Fv2%2Fmedia&parent=260780"}],"wp:term":[{"taxonomy":"category","embeddable":true,"href":"https:\/\/archive.sana.sy\/tr\/index.php?rest_route=%2Fwp%2Fv2%2Fcategories&post=260780"},{"taxonomy":"post_tag","embeddable":true,"href":"https:\/\/archive.sana.sy\/tr\/index.php?rest_route=%2Fwp%2Fv2%2Ftags&post=260780"}],"curies":[{"name":"wp","href":"https:\/\/api.w.org\/{rel}","templated":true}]}}