{"id":260799,"date":"2022-08-18T12:46:44","date_gmt":"2022-08-18T09:46:44","guid":{"rendered":"http:\/\/107.6.182.27\/tr\/?p=260799"},"modified":"2022-08-19T08:54:52","modified_gmt":"2022-08-19T05:54:52","slug":"disisleri-bakanligi-suriye-cezayir-hukumetinin-el-tarf-ve-setif-eyaletlerindeki-yanginlara-karsi-koyma-cabalarini-takdir-ediyor","status":"publish","type":"post","link":"https:\/\/archive.sana.sy\/tr\/?p=260799","title":{"rendered":"D\u0131\u015fi\u015fleri Bakanl\u0131\u011f\u0131: Suriye, Cezayir H\u00fck\u00fcmetinin El Tarf ve Setif Eyaletlerindeki Yang\u0131nlara Kar\u015f\u0131 Koyma \u00c7abalar\u0131n\u0131 Takdir Ediyor"},"content":{"rendered":"<p>\u015eAM \u2013 D\u0131\u015fi\u015fleri ve Gurbet\u00e7iler Bakanl\u0131\u011f\u0131&#8217;ndan resmi bir kaynak, &#8220;Suriye, Cezayir&#8217;in El Tarf ve Setif vilayetlerinde \u00e7\u0131kan ve \u00e7ok say\u0131da vatanda\u015f\u0131n hayat\u0131n\u0131 kaybetmesine ve ba\u015fkalar\u0131n\u0131n yaralanmas\u0131na neden olan orman yang\u0131nlar\u0131ndan derin \u00fcz\u00fcnt\u00fc duydu\u011funu ifade etti.<\/p>\n<p>Kaynak: &#8220;Suriye, Cezayir h\u00fck\u00fcmetinin yang\u0131nlara kar\u015f\u0131 koyma \u00e7abalar\u0131n\u0131 takdir etti ve karde\u015f Cezayir&#8217;in liderli\u011fine ve halk\u0131na karde\u015f\u00e7e sempatisini ifade etti, kurbanlar\u0131n ailelerine en i\u00e7ten taziyelerini iletti ve Yaral\u0131lara acil \u015fifalar diledi&#8221; dedi.<\/p>\n<p><a class=\"qi72231t nu7423ey n3hqoq4p r86q59rh b3qcqh3k fq87ekyn bdao358l fsf7x5fv rse6dlih s5oniofx m8h3af8h l7ghb35v kjdc1dyq kmwttqpk srn514ro oxkhqvkx rl78xhln nch0832m cr00lzj9 rn8ck1ys s3jn8y49 icdlwmnq cxfqmxzd d1w2l3lo tes86rjd\" tabindex=\"0\" role=\"link\" href=\"https:\/\/www.facebook.com\/hashtag\/telegram_kanal%C4%B1m%C4%B1z?__eep__=6&amp;__cft__[0]=AZUGLq9xnWhzSrXyJM9ATE2k3CsRSc3CASuoA8FraVu3DgaCs3WzGIja5sn35FHhNPZiW04hjf3gJTviwjGVR_xIga1z42QwYJRR4fsvgAzqWoZ-iMLmGtuAnwt85OCqQv8lAQphiP68TJxFmV9DToG_OFzvYTsYT1jD4_Qok4AeIw&amp;__tn__=*NK-R\">#Telegram_Kanal\u0131m\u0131z<\/a>: <a class=\"qi72231t nu7423ey n3hqoq4p r86q59rh b3qcqh3k fq87ekyn bdao358l fsf7x5fv rse6dlih s5oniofx m8h3af8h l7ghb35v kjdc1dyq kmwttqpk srn514ro oxkhqvkx rl78xhln nch0832m cr00lzj9 rn8ck1ys s3jn8y49 icdlwmnq cxfqmxzd ezidihy3\" tabindex=\"0\" role=\"link\" href=\"https:\/\/t.me\/SuriyeArapHaberAjans?fbclid=IwAR12PBGGTN-c3SvpzRbG1K5RDUhh7-kyrXsmgf6BEdWSGmPGLluAEKrRpwo\" target=\"_blank\" rel=\"nofollow noopener\">https:\/\/t.me\/SuriyeArapHaberAjans<\/a><\/p>\n","protected":false},"excerpt":{"rendered":"<p>\u015eAM \u2013 D\u0131\u015fi\u015fleri ve Gurbet\u00e7iler Bakanl\u0131\u011f\u0131&#8217;ndan resmi bir kaynak, &#8220;Suriye, Cezayir&#8217;in El Tarf ve Setif vilayetlerinde \u00e7\u0131kan ve \u00e7ok say\u0131da vatanda\u015f\u0131n hayat\u0131n\u0131 kaybetmesine ve ba\u015fkalar\u0131n\u0131n yaralanmas\u0131na neden olan orman yang\u0131nlar\u0131ndan derin \u00fcz\u00fcnt\u00fc duydu\u011funu ifade etti. Kaynak: &#8220;Suriye, Cezayir h\u00fck\u00fcmetinin yang\u0131nlara kar\u015f\u0131 koyma \u00e7abalar\u0131n\u0131 takdir etti ve karde\u015f Cezayir&#8217;in liderli\u011fine ve halk\u0131na karde\u015f\u00e7e sempatisini ifade etti, &hellip;<\/p>\n","protected":false},"author":36,"featured_media":260801,"comment_status":"closed","ping_status":"closed","sticky":false,"template":"","format":"standard","meta":{"footnotes":""},"categories":[479,17988,478],"tags":[],"class_list":["post-260799","post","type-post","status-publish","format-standard","has-post-thumbnail","","category-haberler-yerel","category-son-haberler","category-yerel"],"_links":{"self":[{"href":"https:\/\/archive.sana.sy\/tr\/index.php?rest_route=\/wp\/v2\/posts\/260799","targetHints":{"allow":["GET"]}}],"collection":[{"href":"https:\/\/archive.sana.sy\/tr\/index.php?rest_route=\/wp\/v2\/posts"}],"about":[{"href":"https:\/\/archive.sana.sy\/tr\/index.php?rest_route=\/wp\/v2\/types\/post"}],"author":[{"embeddable":true,"href":"https:\/\/archive.sana.sy\/tr\/index.php?rest_route=\/wp\/v2\/users\/36"}],"replies":[{"embeddable":true,"href":"https:\/\/archive.sana.sy\/tr\/index.php?rest_route=%2Fwp%2Fv2%2Fcomments&post=260799"}],"version-history":[{"count":0,"href":"https:\/\/archive.sana.sy\/tr\/index.php?rest_route=\/wp\/v2\/posts\/260799\/revisions"}],"wp:featuredmedia":[{"embeddable":true,"href":"https:\/\/archive.sana.sy\/tr\/index.php?rest_route=\/wp\/v2\/media\/260801"}],"wp:attachment":[{"href":"https:\/\/archive.sana.sy\/tr\/index.php?rest_route=%2Fwp%2Fv2%2Fmedia&parent=260799"}],"wp:term":[{"taxonomy":"category","embeddable":true,"href":"https:\/\/archive.sana.sy\/tr\/index.php?rest_route=%2Fwp%2Fv2%2Fcategories&post=260799"},{"taxonomy":"post_tag","embeddable":true,"href":"https:\/\/archive.sana.sy\/tr\/index.php?rest_route=%2Fwp%2Fv2%2Ftags&post=260799"}],"curies":[{"name":"wp","href":"https:\/\/api.w.org\/{rel}","templated":true}]}}