{"id":260806,"date":"2022-08-18T12:55:51","date_gmt":"2022-08-18T09:55:51","guid":{"rendered":"http:\/\/107.6.182.27\/tr\/?p=260806"},"modified":"2022-08-19T08:54:58","modified_gmt":"2022-08-19T05:54:58","slug":"haseke-icme-suyu-su-aritma-tesisleri-icin-uc-elektrik-jenerator-seti-kurmaya-basladi","status":"publish","type":"post","link":"https:\/\/archive.sana.sy\/tr\/?p=260806","title":{"rendered":"Haseke \u0130\u00e7me Suyu, Su Ar\u0131tma Tesisleri \u0130\u00e7in \u00dc\u00e7 Elektrik Jenerat\u00f6r Seti Kurmaya Ba\u015flad\u0131"},"content":{"rendered":"<p>HASEKE \u2013 Haseke Valili\u011fi&#8217;ndeki \u0130\u00e7me Suyu Kamu Kurumu, Haseke \u015fehrinin baz\u0131 yerlerine da\u011f\u0131lm\u0131\u015f su ar\u0131tma tesisleri i\u00e7in \u00fc\u00e7 adet elektrik jenerat\u00f6r seti kurmaya ba\u015flad\u0131.<\/p>\n<p>Vakf\u0131n m\u00fcd\u00fcr\u00fc M\u00fchendis Mahmud \u0130kle, SANA muhabirine yapt\u0131\u011f\u0131 a\u00e7\u0131klamada, yak\u0131n zamanda kurulan ve yat\u0131r\u0131ma a\u00e7\u0131lan \u00fc\u00e7 su ar\u0131tma tesisi i\u00e7in s\u00fcrekli elektrik enerjisi sa\u011flamak amac\u0131yla \u00fc\u00e7 elektrik grubunun &#8220;Mar Ephrem S\u00fcryani&#8221; Kalk\u0131nma Otoritesi taraf\u0131ndan sa\u011fland\u0131\u011f\u0131n\u0131 s\u00f6yledi.<\/p>\n<p><span style=\"color: #0000ff;\">#Telegram_Kanal\u0131m\u0131z: https:\/\/t.me\/SuriyeArapHaberAjans<\/span><\/p>\n","protected":false},"excerpt":{"rendered":"<p>HASEKE \u2013 Haseke Valili\u011fi&#8217;ndeki \u0130\u00e7me Suyu Kamu Kurumu, Haseke \u015fehrinin baz\u0131 yerlerine da\u011f\u0131lm\u0131\u015f su ar\u0131tma tesisleri i\u00e7in \u00fc\u00e7 adet elektrik jenerat\u00f6r seti kurmaya ba\u015flad\u0131. Vakf\u0131n m\u00fcd\u00fcr\u00fc M\u00fchendis Mahmud \u0130kle, SANA muhabirine yapt\u0131\u011f\u0131 a\u00e7\u0131klamada, yak\u0131n zamanda kurulan ve yat\u0131r\u0131ma a\u00e7\u0131lan \u00fc\u00e7 su ar\u0131tma tesisi i\u00e7in s\u00fcrekli elektrik enerjisi sa\u011flamak amac\u0131yla \u00fc\u00e7 elektrik grubunun &#8220;Mar Ephrem S\u00fcryani&#8221; &hellip;<\/p>\n","protected":false},"author":36,"featured_media":260807,"comment_status":"closed","ping_status":"closed","sticky":false,"template":"","format":"standard","meta":{"footnotes":""},"categories":[479,17988,478],"tags":[],"class_list":["post-260806","post","type-post","status-publish","format-standard","has-post-thumbnail","","category-haberler-yerel","category-son-haberler","category-yerel"],"_links":{"self":[{"href":"https:\/\/archive.sana.sy\/tr\/index.php?rest_route=\/wp\/v2\/posts\/260806","targetHints":{"allow":["GET"]}}],"collection":[{"href":"https:\/\/archive.sana.sy\/tr\/index.php?rest_route=\/wp\/v2\/posts"}],"about":[{"href":"https:\/\/archive.sana.sy\/tr\/index.php?rest_route=\/wp\/v2\/types\/post"}],"author":[{"embeddable":true,"href":"https:\/\/archive.sana.sy\/tr\/index.php?rest_route=\/wp\/v2\/users\/36"}],"replies":[{"embeddable":true,"href":"https:\/\/archive.sana.sy\/tr\/index.php?rest_route=%2Fwp%2Fv2%2Fcomments&post=260806"}],"version-history":[{"count":0,"href":"https:\/\/archive.sana.sy\/tr\/index.php?rest_route=\/wp\/v2\/posts\/260806\/revisions"}],"wp:featuredmedia":[{"embeddable":true,"href":"https:\/\/archive.sana.sy\/tr\/index.php?rest_route=\/wp\/v2\/media\/260807"}],"wp:attachment":[{"href":"https:\/\/archive.sana.sy\/tr\/index.php?rest_route=%2Fwp%2Fv2%2Fmedia&parent=260806"}],"wp:term":[{"taxonomy":"category","embeddable":true,"href":"https:\/\/archive.sana.sy\/tr\/index.php?rest_route=%2Fwp%2Fv2%2Fcategories&post=260806"},{"taxonomy":"post_tag","embeddable":true,"href":"https:\/\/archive.sana.sy\/tr\/index.php?rest_route=%2Fwp%2Fv2%2Ftags&post=260806"}],"curies":[{"name":"wp","href":"https:\/\/api.w.org\/{rel}","templated":true}]}}