{"id":260812,"date":"2022-08-18T09:03:39","date_gmt":"2022-08-18T06:03:39","guid":{"rendered":"http:\/\/107.6.182.27\/tr\/?p=260812"},"modified":"2022-08-19T08:54:32","modified_gmt":"2022-08-19T05:54:32","slug":"israil-isgal-gucleri-bati-yakada-9-filistinliyi-tutukladi-11","status":"publish","type":"post","link":"https:\/\/archive.sana.sy\/tr\/?p=260812","title":{"rendered":"\u0130srail \u0130\u015fgal G\u00fc\u00e7leri, Bat\u0131 Yaka\u2019da 9 Filistinliyi Tutuklad\u0131"},"content":{"rendered":"<p>\u0130\u015eGAL ED\u0130LEN K\u00dcDUS \u2013 \u0130srail i\u015fgal g\u00fc\u00e7leri, Bat\u0131 Yaka\u2019n\u0131n farkl\u0131 b\u00f6lgelerinde 9 Filistinliyi tutuklad\u0131.<\/p>\n<p>Filistinli medyas\u0131, \u0130srail i\u015fgal g\u00fc\u00e7lerinin, i\u015fgal edilen K\u00fcdus\u2019teki El Yasubiye, Cenin\u2019deki Araba ve Cba ve El Halil\u2019deki Dura ve Beyt Ava beldelerine ve Beyt Lahm\u2019daki El Dahi\u015fe kamp\u0131na bask\u0131n d\u00fczenledi\u011fini belirtirken, 9 Filistinliyi tutuklad\u0131\u011f\u0131na i\u015faret etti.<\/p>\n<p><span style=\"color: #0000ff;\">#Telegram_Kanal\u0131m\u0131z: https:\/\/t.me\/SuriyeArapHaberAjans<\/span><\/p>\n","protected":false},"excerpt":{"rendered":"<p>\u0130\u015eGAL ED\u0130LEN K\u00dcDUS \u2013 \u0130srail i\u015fgal g\u00fc\u00e7leri, Bat\u0131 Yaka\u2019n\u0131n farkl\u0131 b\u00f6lgelerinde 9 Filistinliyi tutuklad\u0131. Filistinli medyas\u0131, \u0130srail i\u015fgal g\u00fc\u00e7lerinin, i\u015fgal edilen K\u00fcdus\u2019teki El Yasubiye, Cenin\u2019deki Araba ve Cba ve El Halil\u2019deki Dura ve Beyt Ava beldelerine ve Beyt Lahm\u2019daki El Dahi\u015fe kamp\u0131na bask\u0131n d\u00fczenledi\u011fini belirtirken, 9 Filistinliyi tutuklad\u0131\u011f\u0131na i\u015faret etti. #Telegram_Kanal\u0131m\u0131z: https:\/\/t.me\/SuriyeArapHaberAjans<\/p>\n","protected":false},"author":36,"featured_media":260813,"comment_status":"closed","ping_status":"closed","sticky":false,"template":"","format":"standard","meta":{"footnotes":""},"categories":[458,459,17988],"tags":[],"class_list":["post-260812","post","type-post","status-publish","format-standard","has-post-thumbnail","","category-dunya1","category-haberler-arap-uluslararasi-politika","category-son-haberler"],"_links":{"self":[{"href":"https:\/\/archive.sana.sy\/tr\/index.php?rest_route=\/wp\/v2\/posts\/260812","targetHints":{"allow":["GET"]}}],"collection":[{"href":"https:\/\/archive.sana.sy\/tr\/index.php?rest_route=\/wp\/v2\/posts"}],"about":[{"href":"https:\/\/archive.sana.sy\/tr\/index.php?rest_route=\/wp\/v2\/types\/post"}],"author":[{"embeddable":true,"href":"https:\/\/archive.sana.sy\/tr\/index.php?rest_route=\/wp\/v2\/users\/36"}],"replies":[{"embeddable":true,"href":"https:\/\/archive.sana.sy\/tr\/index.php?rest_route=%2Fwp%2Fv2%2Fcomments&post=260812"}],"version-history":[{"count":0,"href":"https:\/\/archive.sana.sy\/tr\/index.php?rest_route=\/wp\/v2\/posts\/260812\/revisions"}],"wp:featuredmedia":[{"embeddable":true,"href":"https:\/\/archive.sana.sy\/tr\/index.php?rest_route=\/wp\/v2\/media\/260813"}],"wp:attachment":[{"href":"https:\/\/archive.sana.sy\/tr\/index.php?rest_route=%2Fwp%2Fv2%2Fmedia&parent=260812"}],"wp:term":[{"taxonomy":"category","embeddable":true,"href":"https:\/\/archive.sana.sy\/tr\/index.php?rest_route=%2Fwp%2Fv2%2Fcategories&post=260812"},{"taxonomy":"post_tag","embeddable":true,"href":"https:\/\/archive.sana.sy\/tr\/index.php?rest_route=%2Fwp%2Fv2%2Ftags&post=260812"}],"curies":[{"name":"wp","href":"https:\/\/api.w.org\/{rel}","templated":true}]}}