{"id":260826,"date":"2022-08-18T15:27:02","date_gmt":"2022-08-18T12:27:02","guid":{"rendered":"http:\/\/107.6.182.27\/tr\/?p=260826"},"modified":"2022-08-19T08:58:57","modified_gmt":"2022-08-19T05:58:57","slug":"ceyrud-tuzluk-bolgesi-insanlarin-yaz-sicagindan-kacmak-ve-ferahlatici-atmosferinin-tadini-cikardiklari-ugrak-noktasi","status":"publish","type":"post","link":"https:\/\/archive.sana.sy\/tr\/?p=260826","title":{"rendered":"Ceyrud Tuzluk B\u00f6lgesi&#8230; \u0130nsanlar\u0131n Yaz S\u0131ca\u011f\u0131ndan Ka\u00e7mak Ve Ferahlat\u0131c\u0131 Atmosferinin Tad\u0131n\u0131 \u00c7\u0131kard\u0131klar\u0131 U\u011frak Noktas\u0131"},"content":{"rendered":"<p>\u015eAM KIRSALI &#8211; \u015eam k\u0131rsal\u0131ndaki do\u011fu Kalamun&#8217;da bulunan Ceyrud tuzluk nb\u00f6lgesi, yaz\u0131n y\u00fcksek s\u0131cakl\u0131klarla birlikte b\u00f6lge halk\u0131n\u0131n yo\u011fun s\u0131caktan ka\u00e7mak, serin ve serinletici havas\u0131n\u0131n ve hafif esintilerin tad\u0131n\u0131 \u00e7\u0131karmak i\u00e7in geceleri beyaz kumlar\u0131nda u\u011frak bir tatil beldesine d\u00f6n\u00fc\u015f\u00fcyor.<\/p>\n<p>G\u00fcn i\u00e7inde s\u0131cakl\u0131klar\u0131n y\u00fcksek oranlara ula\u015ft\u0131\u011f\u0131 bir zamanda, Suriye&#8217;nin el Badiye s\u0131n\u0131rlar\u0131na kom\u015fu olan Ceyrud Tuzluk b\u00f6lgesi, y\u00fcksek nemi nedeniyle geceleri serin havas\u0131n\u0131 koruyor.<\/p>\n<p>Bu da onun \u00e7o\u011fu ailenin gecelerini geni\u015f, serin ve ferahlat\u0131c\u0131 bir alanda ge\u00e7irmek i\u00e7in favori bir yer olmas\u0131n\u0131 sa\u011fl\u0131yor.<\/p>\n<p><a class=\"oajrlxb2 g5ia77u1 qu0x051f esr5mh6w e9989ue4 r7d6kgcz rq0escxv nhd2j8a9 nc684nl6 p7hjln8o kvgmc6g5 cxmmr5t8 oygrvhab hcukyx3x jb3vyjys rz4wbd8a qt6c0cv9 a8nywdso i1ao9s8h esuyzwwr f1sip0of lzcic4wl gpro0wi8 q66pz984 b1v8xokw\" tabindex=\"0\" role=\"link\" href=\"https:\/\/www.facebook.com\/hashtag\/telegram_kanal%C4%B1m%C4%B1z?__eep__=6&amp;__cft__[0]=AZVjIRPJzZlsrmfUtpLHirlbyM3uoti6WLfe-2NJscsA42U5nN7wDXIarg2H83kO1HCk4ULM1FEMdLjamuRaKHRFTrAaCw-8d40qsvjmNNjisSv-raI_Iw704sU9J28ux4M&amp;__tn__=*NK-R\">#Telegram_Kanal\u0131m\u0131z<\/a>:\u00a0<a class=\"oajrlxb2 g5ia77u1 qu0x051f esr5mh6w e9989ue4 r7d6kgcz rq0escxv nhd2j8a9 nc684nl6 p7hjln8o kvgmc6g5 cxmmr5t8 oygrvhab hcukyx3x jb3vyjys rz4wbd8a qt6c0cv9 a8nywdso i1ao9s8h esuyzwwr f1sip0of lzcic4wl gpro0wi8 py34i1dx\" tabindex=\"0\" role=\"link\" href=\"https:\/\/t.me\/SuriyeArapHaberAjans?fbclid=IwAR20FAej8WCT0dVzr4YYgEC-ewyyxFcLC5UqGnR_tN3g1mg3j773AilVtHU\" target=\"_blank\" rel=\"nofollow noopener\">https:\/\/t.me\/SuriyeArapHaberAjans<\/a><\/p>\n<div id='gallery-1' class='gallery galleryid-260826 gallery-columns-2 gallery-size-full'><figure class='gallery-item'>\n\t\t\t<div class='gallery-icon landscape'>\n\t\t\t\t<a href='https:\/\/archive.sana.sy\/tr\/wp-content\/uploads\/2022\/08\/19-12.jpg'><img loading=\"lazy\" decoding=\"async\" width=\"660\" height=\"404\" src=\"https:\/\/archive.sana.sy\/tr\/wp-content\/uploads\/2022\/08\/19-12.jpg\" class=\"attachment-full size-full\" alt=\"\" srcset=\"https:\/\/archive.sana.sy\/tr\/wp-content\/uploads\/2022\/08\/19-12.jpg 660w, https:\/\/archive.sana.sy\/tr\/wp-content\/uploads\/2022\/08\/19-12-300x184.jpg 300w, https:\/\/archive.sana.sy\/tr\/wp-content\/uploads\/2022\/08\/19-12-150x92.jpg 150w\" sizes=\"auto, (max-width: 660px) 100vw, 660px\" \/><\/a>\n\t\t\t<\/div><\/figure><figure class='gallery-item'>\n\t\t\t<div class='gallery-icon landscape'>\n\t\t\t\t<a href='https:\/\/archive.sana.sy\/tr\/wp-content\/uploads\/2022\/08\/20-13.jpg'><img loading=\"lazy\" decoding=\"async\" width=\"660\" height=\"371\" src=\"https:\/\/archive.sana.sy\/tr\/wp-content\/uploads\/2022\/08\/20-13.jpg\" class=\"attachment-full size-full\" alt=\"\" srcset=\"https:\/\/archive.sana.sy\/tr\/wp-content\/uploads\/2022\/08\/20-13.jpg 660w, https:\/\/archive.sana.sy\/tr\/wp-content\/uploads\/2022\/08\/20-13-300x169.jpg 300w, https:\/\/archive.sana.sy\/tr\/wp-content\/uploads\/2022\/08\/20-13-150x84.jpg 150w\" sizes=\"auto, (max-width: 660px) 100vw, 660px\" \/><\/a>\n\t\t\t<\/div><\/figure>\n\t\t<\/div>\n\n","protected":false},"excerpt":{"rendered":"<p>\u015eAM KIRSALI &#8211; \u015eam k\u0131rsal\u0131ndaki do\u011fu Kalamun&#8217;da bulunan Ceyrud tuzluk nb\u00f6lgesi, yaz\u0131n y\u00fcksek s\u0131cakl\u0131klarla birlikte b\u00f6lge halk\u0131n\u0131n yo\u011fun s\u0131caktan ka\u00e7mak, serin ve serinletici havas\u0131n\u0131n ve hafif esintilerin tad\u0131n\u0131 \u00e7\u0131karmak i\u00e7in geceleri beyaz kumlar\u0131nda u\u011frak bir tatil beldesine d\u00f6n\u00fc\u015f\u00fcyor. G\u00fcn i\u00e7inde s\u0131cakl\u0131klar\u0131n y\u00fcksek oranlara ula\u015ft\u0131\u011f\u0131 bir zamanda, Suriye&#8217;nin el Badiye s\u0131n\u0131rlar\u0131na kom\u015fu olan Ceyrud Tuzluk b\u00f6lgesi, &hellip;<\/p>\n","protected":false},"author":1,"featured_media":260827,"comment_status":"closed","ping_status":"closed","sticky":false,"template":"","format":"standard","meta":{"footnotes":""},"categories":[526,479,17988,525,478],"tags":[],"class_list":["post-260826","post","type-post","status-publish","format-standard","has-post-thumbnail","","category-haber-ve-raporlar","category-haberler-yerel","category-son-haberler","category-toplum","category-yerel"],"_links":{"self":[{"href":"https:\/\/archive.sana.sy\/tr\/index.php?rest_route=\/wp\/v2\/posts\/260826","targetHints":{"allow":["GET"]}}],"collection":[{"href":"https:\/\/archive.sana.sy\/tr\/index.php?rest_route=\/wp\/v2\/posts"}],"about":[{"href":"https:\/\/archive.sana.sy\/tr\/index.php?rest_route=\/wp\/v2\/types\/post"}],"author":[{"embeddable":true,"href":"https:\/\/archive.sana.sy\/tr\/index.php?rest_route=\/wp\/v2\/users\/1"}],"replies":[{"embeddable":true,"href":"https:\/\/archive.sana.sy\/tr\/index.php?rest_route=%2Fwp%2Fv2%2Fcomments&post=260826"}],"version-history":[{"count":0,"href":"https:\/\/archive.sana.sy\/tr\/index.php?rest_route=\/wp\/v2\/posts\/260826\/revisions"}],"wp:featuredmedia":[{"embeddable":true,"href":"https:\/\/archive.sana.sy\/tr\/index.php?rest_route=\/wp\/v2\/media\/260827"}],"wp:attachment":[{"href":"https:\/\/archive.sana.sy\/tr\/index.php?rest_route=%2Fwp%2Fv2%2Fmedia&parent=260826"}],"wp:term":[{"taxonomy":"category","embeddable":true,"href":"https:\/\/archive.sana.sy\/tr\/index.php?rest_route=%2Fwp%2Fv2%2Fcategories&post=260826"},{"taxonomy":"post_tag","embeddable":true,"href":"https:\/\/archive.sana.sy\/tr\/index.php?rest_route=%2Fwp%2Fv2%2Ftags&post=260826"}],"curies":[{"name":"wp","href":"https:\/\/api.w.org\/{rel}","templated":true}]}}