{"id":260844,"date":"2022-08-18T23:30:59","date_gmt":"2022-08-18T20:30:59","guid":{"rendered":"http:\/\/107.6.182.27\/tr\/?p=260844"},"modified":"2022-08-19T08:53:36","modified_gmt":"2022-08-19T05:53:36","slug":"urdundeki-milliyetci-ve-sol-partiler-koalisyonu-saldirganlik-ve-kusatmayla-mucadelede-suriyeyi-destekliyoruz","status":"publish","type":"post","link":"https:\/\/archive.sana.sy\/tr\/?p=260844","title":{"rendered":"\u00dcrd\u00fcn&#8217;deki Milliyet\u00e7i Ve Sol Partiler Koalisyonu: Sald\u0131rganl\u0131k ve Ku\u015fatmayla M\u00fccadelede Suriye&#8217;yi Destekliyoruz"},"content":{"rendered":"<p style=\"text-align: justify;\">AMMAN \u2013 \u00dcrd\u00fcn&#8217;deki milliyet\u00e7i ve sol partiler koalisyonu, kar\u015f\u0131 kar\u015f\u0131ya oldu\u011fu sald\u0131rganl\u0131k, ku\u015fatma ve sava\u015f kar\u015f\u0131s\u0131nda Arap Suriye&#8217;sine ve halk\u0131n\u0131n ve topraklar\u0131n\u0131n birli\u011fine deste\u011fini yeniledi.<\/p>\n<p style=\"text-align: justify;\">Koalisyon s\u00f6zc\u00fcs\u00fc ve Arap \u0130lerlemeci Baas Partisi Genel Sekreteri Fuad Dabbur bug\u00fcn yapt\u0131\u011f\u0131 a\u00e7\u0131klamada, &#8220;Topraklar\u0131n\u0131 soyan, petrol\u00fcn\u00fc ve servetini \u00e7alan Amerikan i\u015fgali ve bu sald\u0131rganlar\u0131n destekledi\u011fi ter\u00f6r \u00f6rg\u00fctlerinin yan\u0131 s\u0131ra T\u00fcrk i\u015fgali kar\u015f\u0131s\u0131nda Suriye&#8217;nin yan\u0131nda yer ald\u0131\u011f\u0131m\u0131z\u0131 bir kez daha teyit ediyoruz&#8221; dedi.<\/p>\n<p style=\"text-align: justify;\">Dabbur, \u201cSiyonist d\u00fc\u015fmanla m\u00fccadele, i\u015fgal alt\u0131ndaki Filistin ve Arap topraklar\u0131n\u0131n kurtulu\u015funa kadar s\u00fcrecek bir m\u00fccadeledir ve bu d\u00fc\u015fmana her t\u00fcrl\u00fc direni\u015fle kar\u015f\u0131 konulmas\u0131 gerekti\u011fini\u201d vurgulad\u0131.<\/p>\n<p style=\"text-align: justify;\">Dabbur, i\u015fgal alt\u0131ndaki Arap Filistin&#8217;in her yerinde Siyonist d\u00fc\u015fmana kar\u015f\u0131 direnen Filistin Arap halk\u0131n\u0131n sebat, \u015fiddet ve cesaret iradesine sahip oldu\u011funa, i\u015fgalci d\u00fc\u015fmana kar\u015f\u0131 koyabildi\u011fine ve d\u00fc\u015fmana ve onun su\u00e7lulu\u011funa yenilmeyece\u011fine dikkat \u00e7ekti.<\/p>\n<p style=\"text-align: justify;\">Dabbur ayr\u0131ca, koalisyonun L\u00fcbnan&#8217;daki Arap halk\u0131n\u0131n yan\u0131nda, onun petrol\u00fcn\u00fc ve gaz\u0131n\u0131 \u00e7almaya \u00e7al\u0131\u015fan Siyonist d\u00fc\u015fmana kar\u015f\u0131 direnme ve Siyonistlerin ve onlar\u0131n Amerikal\u0131 ortaklar\u0131n\u0131n giri\u015fimlerine ra\u011fmen bu insanlar\u0131 zenginliklerini elde etme haklar\u0131 konusunda destekleme konusundaki duru\u015funu teyit etti.<\/p>\n<p style=\"text-align: justify;\">P.M.<\/p>\n<p><a class=\"oajrlxb2 g5ia77u1 qu0x051f esr5mh6w e9989ue4 r7d6kgcz rq0escxv nhd2j8a9 nc684nl6 p7hjln8o kvgmc6g5 cxmmr5t8 oygrvhab hcukyx3x jb3vyjys rz4wbd8a qt6c0cv9 a8nywdso i1ao9s8h esuyzwwr f1sip0of lzcic4wl gpro0wi8 q66pz984 b1v8xokw\" tabindex=\"0\" role=\"link\" href=\"https:\/\/www.facebook.com\/hashtag\/telegram_kanal%C4%B1m%C4%B1z?__eep__=6&amp;__cft__[0]=AZVjIRPJzZlsrmfUtpLHirlbyM3uoti6WLfe-2NJscsA42U5nN7wDXIarg2H83kO1HCk4ULM1FEMdLjamuRaKHRFTrAaCw-8d40qsvjmNNjisSv-raI_Iw704sU9J28ux4M&amp;__tn__=*NK-R\">#Telegram_Kanal\u0131m\u0131z<\/a>:\u00a0<a class=\"oajrlxb2 g5ia77u1 qu0x051f esr5mh6w e9989ue4 r7d6kgcz rq0escxv nhd2j8a9 nc684nl6 p7hjln8o kvgmc6g5 cxmmr5t8 oygrvhab hcukyx3x jb3vyjys rz4wbd8a qt6c0cv9 a8nywdso i1ao9s8h esuyzwwr f1sip0of lzcic4wl gpro0wi8 py34i1dx\" tabindex=\"0\" role=\"link\" href=\"https:\/\/t.me\/SuriyeArapHaberAjans?fbclid=IwAR20FAej8WCT0dVzr4YYgEC-ewyyxFcLC5UqGnR_tN3g1mg3j773AilVtHU\" target=\"_blank\" rel=\"nofollow noopener\">https:\/\/t.me\/SuriyeArapHaberAjans<\/a><\/p>\n","protected":false},"excerpt":{"rendered":"<p>AMMAN \u2013 \u00dcrd\u00fcn&#8217;deki milliyet\u00e7i ve sol partiler koalisyonu, kar\u015f\u0131 kar\u015f\u0131ya oldu\u011fu sald\u0131rganl\u0131k, ku\u015fatma ve sava\u015f kar\u015f\u0131s\u0131nda Arap Suriye&#8217;sine ve halk\u0131n\u0131n ve topraklar\u0131n\u0131n birli\u011fine deste\u011fini yeniledi. Koalisyon s\u00f6zc\u00fcs\u00fc ve Arap \u0130lerlemeci Baas Partisi Genel Sekreteri Fuad Dabbur bug\u00fcn yapt\u0131\u011f\u0131 a\u00e7\u0131klamada, &#8220;Topraklar\u0131n\u0131 soyan, petrol\u00fcn\u00fc ve servetini \u00e7alan Amerikan i\u015fgali ve bu sald\u0131rganlar\u0131n destekledi\u011fi ter\u00f6r \u00f6rg\u00fctlerinin yan\u0131 s\u0131ra &hellip;<\/p>\n","protected":false},"author":1,"featured_media":0,"comment_status":"closed","ping_status":"closed","sticky":false,"template":"","format":"standard","meta":{"footnotes":""},"categories":[458,459,17988],"tags":[],"class_list":["post-260844","post","type-post","status-publish","format-standard","","category-dunya1","category-haberler-arap-uluslararasi-politika","category-son-haberler"],"_links":{"self":[{"href":"https:\/\/archive.sana.sy\/tr\/index.php?rest_route=\/wp\/v2\/posts\/260844","targetHints":{"allow":["GET"]}}],"collection":[{"href":"https:\/\/archive.sana.sy\/tr\/index.php?rest_route=\/wp\/v2\/posts"}],"about":[{"href":"https:\/\/archive.sana.sy\/tr\/index.php?rest_route=\/wp\/v2\/types\/post"}],"author":[{"embeddable":true,"href":"https:\/\/archive.sana.sy\/tr\/index.php?rest_route=\/wp\/v2\/users\/1"}],"replies":[{"embeddable":true,"href":"https:\/\/archive.sana.sy\/tr\/index.php?rest_route=%2Fwp%2Fv2%2Fcomments&post=260844"}],"version-history":[{"count":0,"href":"https:\/\/archive.sana.sy\/tr\/index.php?rest_route=\/wp\/v2\/posts\/260844\/revisions"}],"wp:attachment":[{"href":"https:\/\/archive.sana.sy\/tr\/index.php?rest_route=%2Fwp%2Fv2%2Fmedia&parent=260844"}],"wp:term":[{"taxonomy":"category","embeddable":true,"href":"https:\/\/archive.sana.sy\/tr\/index.php?rest_route=%2Fwp%2Fv2%2Fcategories&post=260844"},{"taxonomy":"post_tag","embeddable":true,"href":"https:\/\/archive.sana.sy\/tr\/index.php?rest_route=%2Fwp%2Fv2%2Ftags&post=260844"}],"curies":[{"name":"wp","href":"https:\/\/api.w.org\/{rel}","templated":true}]}}