{"id":260847,"date":"2022-08-18T23:54:09","date_gmt":"2022-08-18T20:54:09","guid":{"rendered":"http:\/\/107.6.182.27\/tr\/?p=260847"},"modified":"2022-08-20T08:58:22","modified_gmt":"2022-08-20T05:58:22","slug":"cumhurbaskani-el-esadin-direktiflerinin-uygulanmasinda-halepte-bir-dizi-hizmet-ve-kalkinma-projesi-icin-takip-toplantisi","status":"publish","type":"post","link":"https:\/\/archive.sana.sy\/tr\/?p=260847","title":{"rendered":"Cumhurba\u015fkan\u0131 el Esad&#8217;\u0131n Direktiflerinin Uygulanmas\u0131nda Halep&#8217;te Bir Dizi Hizmet ve Kalk\u0131nma Projesi \u0130\u00e7in Takip Toplant\u0131s\u0131"},"content":{"rendered":"<p style=\"text-align: justify;\">\u015eAM \u2013 Halep&#8217;e yapt\u0131\u011f\u0131 son ziyaretten sonra Cumhurba\u015fkan\u0131 Be\u015f\u015far el Esad&#8217;\u0131n direktiflerinin uygulanmas\u0131 \u00e7er\u00e7evesinde, Ba\u015fbakan H\u00fcseyin Arnus ba\u015fkanl\u0131\u011f\u0131ndaki h\u00fck\u00fcmet heyeti, bug\u00fcn Halep Valili\u011fi binas\u0131nda, Bakanlar Kurulu taraf\u0131ndan onaylanan bir dizi \u00f6ncelikli hizmet ve kalk\u0131nma projelerinin uygulanmas\u0131n\u0131 takip etmek \u00fczere ilgili kurumlar\u0131n y\u00f6neticilerinin de yer ald\u0131\u011f\u0131 bir toplant\u0131 yapt\u0131.<\/p>\n<p style=\"text-align: justify;\">Projeler, Hanaser beldesi ve \u00e7evresine i\u00e7me suyu temini ve Halep k\u0131rsal\u0131n\u0131n g\u00fcneyinde 4.400 hektarl\u0131k bir alan\u0131n rehabilitasyonunu tamamlama projesine ek olarak, Jub \u011eab\u015fa el Seyn projesinin 26 k\u00f6ye su ula\u015ft\u0131rma projesinin ilk a\u015famas\u0131n\u0131n tamamlanmas\u0131n\u0131 i\u00e7eriyordu.<\/p>\n<p style=\"text-align: justify;\">Projeler aras\u0131nda, Halep&#8217;in g\u00fcney k\u0131rsal\u0131ndaki k\u00f6ylerin sulanmas\u0131 projesinin teknik ve idari \u00e7al\u0131\u015fmas\u0131n\u0131n haz\u0131rlanmas\u0131 ve devreye al\u0131nacak Halep termik santralinde kalan \u00fc\u00e7 grubun rehabilitasyonu i\u00e7in taahh\u00fct i\u015flemlerinin tamamlanmas\u0131 da yer ald\u0131.<\/p>\n<p style=\"text-align: justify;\">\u00d6te yandan, Halep termal istasyonunun demiryolu \u015fube projesinin 2022 plan\u0131na dahil edilmesi, onkoloji hastanesinin rehabilitasyonunun yan\u0131 s\u0131ra eski \u015fehirdeki deniz fenerinin rehabilitasyonunun ve istihdam\u0131n\u0131n tamamlanmas\u0131 da \u00f6ncelikli projeler aras\u0131nda yer ald\u0131.<\/p>\n<p style=\"text-align: justify;\">Toplant\u0131nda Ba\u015fbakan Arnus, bu projelerin uygulanmas\u0131n\u0131 belirli s\u00fcrelere ve gerekli kaliteye g\u00f6re tamamlamak i\u00e7in ek mali \u00f6denek tahsis edildi\u011fini teyit etti.<\/p>\n<p style=\"text-align: justify;\">\u0130lgili hizmet kurum ve \u015firketlerinin y\u00f6neticileri ise, bu projelerin hayata ge\u00e7irilmesinin ger\u00e7ekli\u011fi ve tamamlanma y\u00fczdeleri hakk\u0131nda k\u0131sa bir a\u00e7\u0131klama yaparak, bu projelerin yat\u0131r\u0131ma d\u00f6n\u00fc\u015ft\u00fcr\u00fclmesi i\u00e7in belirli zaman programlar\u0131na, teknik ve s\u00f6zle\u015fmesel ko\u015fullara ba\u011fl\u0131l\u0131\u011f\u0131 vurgulad\u0131lar.<\/p>\n<p style=\"text-align: justify;\">P.M.<\/p>\n<p><a class=\"oajrlxb2 g5ia77u1 qu0x051f esr5mh6w e9989ue4 r7d6kgcz rq0escxv nhd2j8a9 nc684nl6 p7hjln8o kvgmc6g5 cxmmr5t8 oygrvhab hcukyx3x jb3vyjys rz4wbd8a qt6c0cv9 a8nywdso i1ao9s8h esuyzwwr f1sip0of lzcic4wl gpro0wi8 q66pz984 b1v8xokw\" tabindex=\"0\" role=\"link\" href=\"https:\/\/www.facebook.com\/hashtag\/telegram_kanal%C4%B1m%C4%B1z?__eep__=6&amp;__cft__[0]=AZVjIRPJzZlsrmfUtpLHirlbyM3uoti6WLfe-2NJscsA42U5nN7wDXIarg2H83kO1HCk4ULM1FEMdLjamuRaKHRFTrAaCw-8d40qsvjmNNjisSv-raI_Iw704sU9J28ux4M&amp;__tn__=*NK-R\">#Telegram_Kanal\u0131m\u0131z<\/a>:\u00a0<a class=\"oajrlxb2 g5ia77u1 qu0x051f esr5mh6w e9989ue4 r7d6kgcz rq0escxv nhd2j8a9 nc684nl6 p7hjln8o kvgmc6g5 cxmmr5t8 oygrvhab hcukyx3x jb3vyjys rz4wbd8a qt6c0cv9 a8nywdso i1ao9s8h esuyzwwr f1sip0of lzcic4wl gpro0wi8 py34i1dx\" tabindex=\"0\" role=\"link\" href=\"https:\/\/t.me\/SuriyeArapHaberAjans?fbclid=IwAR20FAej8WCT0dVzr4YYgEC-ewyyxFcLC5UqGnR_tN3g1mg3j773AilVtHU\" target=\"_blank\" rel=\"nofollow noopener\">https:\/\/t.me\/SuriyeArapHaberAjans<\/a><\/p>\n","protected":false},"excerpt":{"rendered":"<p>\u015eAM \u2013 Halep&#8217;e yapt\u0131\u011f\u0131 son ziyaretten sonra Cumhurba\u015fkan\u0131 Be\u015f\u015far el Esad&#8217;\u0131n direktiflerinin uygulanmas\u0131 \u00e7er\u00e7evesinde, Ba\u015fbakan H\u00fcseyin Arnus ba\u015fkanl\u0131\u011f\u0131ndaki h\u00fck\u00fcmet heyeti, bug\u00fcn Halep Valili\u011fi binas\u0131nda, Bakanlar Kurulu taraf\u0131ndan onaylanan bir dizi \u00f6ncelikli hizmet ve kalk\u0131nma projelerinin uygulanmas\u0131n\u0131 takip etmek \u00fczere ilgili kurumlar\u0131n y\u00f6neticilerinin de yer ald\u0131\u011f\u0131 bir toplant\u0131 yapt\u0131. Projeler, Hanaser beldesi ve \u00e7evresine i\u00e7me suyu &hellip;<\/p>\n","protected":false},"author":1,"featured_media":0,"comment_status":"closed","ping_status":"closed","sticky":false,"template":"","format":"standard","meta":{"footnotes":""},"categories":[479,17988,478],"tags":[],"class_list":["post-260847","post","type-post","status-publish","format-standard","","category-haberler-yerel","category-son-haberler","category-yerel"],"_links":{"self":[{"href":"https:\/\/archive.sana.sy\/tr\/index.php?rest_route=\/wp\/v2\/posts\/260847","targetHints":{"allow":["GET"]}}],"collection":[{"href":"https:\/\/archive.sana.sy\/tr\/index.php?rest_route=\/wp\/v2\/posts"}],"about":[{"href":"https:\/\/archive.sana.sy\/tr\/index.php?rest_route=\/wp\/v2\/types\/post"}],"author":[{"embeddable":true,"href":"https:\/\/archive.sana.sy\/tr\/index.php?rest_route=\/wp\/v2\/users\/1"}],"replies":[{"embeddable":true,"href":"https:\/\/archive.sana.sy\/tr\/index.php?rest_route=%2Fwp%2Fv2%2Fcomments&post=260847"}],"version-history":[{"count":0,"href":"https:\/\/archive.sana.sy\/tr\/index.php?rest_route=\/wp\/v2\/posts\/260847\/revisions"}],"wp:attachment":[{"href":"https:\/\/archive.sana.sy\/tr\/index.php?rest_route=%2Fwp%2Fv2%2Fmedia&parent=260847"}],"wp:term":[{"taxonomy":"category","embeddable":true,"href":"https:\/\/archive.sana.sy\/tr\/index.php?rest_route=%2Fwp%2Fv2%2Fcategories&post=260847"},{"taxonomy":"post_tag","embeddable":true,"href":"https:\/\/archive.sana.sy\/tr\/index.php?rest_route=%2Fwp%2Fv2%2Ftags&post=260847"}],"curies":[{"name":"wp","href":"https:\/\/api.w.org\/{rel}","templated":true}]}}