{"id":260865,"date":"2022-08-19T09:01:52","date_gmt":"2022-08-19T06:01:52","guid":{"rendered":"http:\/\/107.6.182.27\/tr\/?p=260865"},"modified":"2022-08-20T09:05:43","modified_gmt":"2022-08-20T06:05:43","slug":"saglik-bakanligi-yeni-22-koronavirus-25-sifa-vakasi-kaydedildi","status":"publish","type":"post","link":"https:\/\/archive.sana.sy\/tr\/?p=260865","title":{"rendered":"Sa\u011fl\u0131k Bakanl\u0131\u011f\u0131, Yeni 22 Koronavir\u00fcs, 25 \u015eifa Vakas\u0131 Kaydedildi"},"content":{"rendered":"<p>\u015eAM \u2013 Sa\u011fl\u0131k Bakanl\u0131\u011f\u0131, yeni 22 koronavir\u00fcs vakas\u0131n\u0131n tescil edildi\u011fini, tescil edilen vakalardan 25\u2019inin \u015fifa buldu\u011funu ilan etti.<\/p>\n<p>Bakanl\u0131k yay\u0131nlad\u0131\u011f\u0131 ve SANA\u2019n\u0131n n\u00fcshas\u0131n\u0131 ald\u0131\u011f\u0131 beyanda, Suriye\u2019de tescil edilen vaka say\u0131s\u0131n\u0131n bug\u00fcne kadar 56819\u2019a y\u00fckseldi\u011fini, bunlardan 53029\u2019unun iyile\u015fti\u011fini, 3160\u2019\u0131n\u0131n da vefat etti\u011fine i\u015faret etti.<\/p>\n<p><span style=\"color: #0000ff;\">#Telegram_Kanal\u0131m\u0131z: https:\/\/t.me\/SuriyeArapHaberAjans<\/span><\/p>\n","protected":false},"excerpt":{"rendered":"<p>\u015eAM \u2013 Sa\u011fl\u0131k Bakanl\u0131\u011f\u0131, yeni 22 koronavir\u00fcs vakas\u0131n\u0131n tescil edildi\u011fini, tescil edilen vakalardan 25\u2019inin \u015fifa buldu\u011funu ilan etti. Bakanl\u0131k yay\u0131nlad\u0131\u011f\u0131 ve SANA\u2019n\u0131n n\u00fcshas\u0131n\u0131 ald\u0131\u011f\u0131 beyanda, Suriye\u2019de tescil edilen vaka say\u0131s\u0131n\u0131n bug\u00fcne kadar 56819\u2019a y\u00fckseldi\u011fini, bunlardan 53029\u2019unun iyile\u015fti\u011fini, 3160\u2019\u0131n\u0131n da vefat etti\u011fine i\u015faret etti. #Telegram_Kanal\u0131m\u0131z: https:\/\/t.me\/SuriyeArapHaberAjans<\/p>\n","protected":false},"author":36,"featured_media":260866,"comment_status":"closed","ping_status":"closed","sticky":false,"template":"","format":"standard","meta":{"footnotes":""},"categories":[526,525],"tags":[],"class_list":["post-260865","post","type-post","status-publish","format-standard","has-post-thumbnail","","category-haber-ve-raporlar","category-toplum"],"_links":{"self":[{"href":"https:\/\/archive.sana.sy\/tr\/index.php?rest_route=\/wp\/v2\/posts\/260865","targetHints":{"allow":["GET"]}}],"collection":[{"href":"https:\/\/archive.sana.sy\/tr\/index.php?rest_route=\/wp\/v2\/posts"}],"about":[{"href":"https:\/\/archive.sana.sy\/tr\/index.php?rest_route=\/wp\/v2\/types\/post"}],"author":[{"embeddable":true,"href":"https:\/\/archive.sana.sy\/tr\/index.php?rest_route=\/wp\/v2\/users\/36"}],"replies":[{"embeddable":true,"href":"https:\/\/archive.sana.sy\/tr\/index.php?rest_route=%2Fwp%2Fv2%2Fcomments&post=260865"}],"version-history":[{"count":0,"href":"https:\/\/archive.sana.sy\/tr\/index.php?rest_route=\/wp\/v2\/posts\/260865\/revisions"}],"wp:featuredmedia":[{"embeddable":true,"href":"https:\/\/archive.sana.sy\/tr\/index.php?rest_route=\/wp\/v2\/media\/260866"}],"wp:attachment":[{"href":"https:\/\/archive.sana.sy\/tr\/index.php?rest_route=%2Fwp%2Fv2%2Fmedia&parent=260865"}],"wp:term":[{"taxonomy":"category","embeddable":true,"href":"https:\/\/archive.sana.sy\/tr\/index.php?rest_route=%2Fwp%2Fv2%2Fcategories&post=260865"},{"taxonomy":"post_tag","embeddable":true,"href":"https:\/\/archive.sana.sy\/tr\/index.php?rest_route=%2Fwp%2Fv2%2Ftags&post=260865"}],"curies":[{"name":"wp","href":"https:\/\/api.w.org\/{rel}","templated":true}]}}