{"id":260878,"date":"2022-08-19T13:21:46","date_gmt":"2022-08-19T10:21:46","guid":{"rendered":"http:\/\/107.6.182.27\/tr\/?p=260878"},"modified":"2022-08-21T08:11:14","modified_gmt":"2022-08-21T05:11:14","slug":"patrusev-suriye-ve-iraktaki-teror-orgutleri-diger-ulkelerde-faaliyetlerini-genisletiyor","status":"publish","type":"post","link":"https:\/\/archive.sana.sy\/tr\/?p=260878","title":{"rendered":"Patru\u015fev: Suriye ve Irak&#8217;taki Ter\u00f6r \u00d6rg\u00fctleri Di\u011fer \u00dclkelerde Faaliyetlerini Geni\u015fletiyor"},"content":{"rendered":"<p>Rusya G\u00fcvenlik Konseyi Sekreteri Nikolai Patru\u015fev, baz\u0131 Suriye ve Irak topraklar\u0131nda bulunan ter\u00f6r \u00f6rg\u00fctlerinin zay\u0131flad\u0131\u011f\u0131n\u0131 ve faaliyetlerini azaltt\u0131\u011f\u0131n\u0131, di\u011fer y\u00f6nlerde ve \u00fclkelerde aktif olmaya ba\u015flad\u0131klar\u0131n\u0131 belirtti.<\/p>\n<p>Patru\u015fev, \u00d6zbekistan&#8217;\u0131n ba\u015fkenti Ta\u015fkent&#8217;te \u015eanghay \u0130\u015fbirli\u011fi \u00d6rg\u00fct\u00fc \u00fclkelerinin g\u00fcvenlik konseyleri sekreterlerinin toplant\u0131s\u0131nda,&#8221;Uluslararas\u0131 ter\u00f6r \u00f6rg\u00fctlerinin Irak ve Suriye&#8217;deki b\u00fcy\u00fck zay\u0131fl\u0131\u011f\u0131na ra\u011fmen, G\u00fcney Asya, Afrika k\u0131tas\u0131 ve Ortado\u011fu b\u00f6lgelerinde y\u00fcksek d\u00fczeyde ter\u00f6rist faaliyetlere tan\u0131k oldu\u011fumuz i\u00e7in taktiklerini de\u011fi\u015ftirip faaliyetlerini yeni y\u00f6nlere geni\u015fletiyorlar&#8221; dedi.<\/p>\n<p>Patru\u015fev, \u015eanghay \u0130\u015fbirli\u011fi \u00d6rg\u00fct\u00fc \u00fcyeleri aras\u0131nda ter\u00f6rden en \u00e7ok etkilenen \u00fclkelerin Hindistan ve Pakistan oldu\u011funu da s\u00f6zlerine ekledi.<\/p>\n<p><a class=\"oajrlxb2 g5ia77u1 qu0x051f esr5mh6w e9989ue4 r7d6kgcz rq0escxv nhd2j8a9 nc684nl6 p7hjln8o kvgmc6g5 cxmmr5t8 oygrvhab hcukyx3x jb3vyjys rz4wbd8a qt6c0cv9 a8nywdso i1ao9s8h esuyzwwr f1sip0of lzcic4wl gpro0wi8 q66pz984 b1v8xokw\" tabindex=\"0\" role=\"link\" href=\"https:\/\/www.facebook.com\/hashtag\/telegram_kanal%C4%B1m%C4%B1z?__eep__=6&amp;__cft__[0]=AZVjIRPJzZlsrmfUtpLHirlbyM3uoti6WLfe-2NJscsA42U5nN7wDXIarg2H83kO1HCk4ULM1FEMdLjamuRaKHRFTrAaCw-8d40qsvjmNNjisSv-raI_Iw704sU9J28ux4M&amp;__tn__=*NK-R\">#Telegram_Kanal\u0131m\u0131z<\/a>:\u00a0<a class=\"oajrlxb2 g5ia77u1 qu0x051f esr5mh6w e9989ue4 r7d6kgcz rq0escxv nhd2j8a9 nc684nl6 p7hjln8o kvgmc6g5 cxmmr5t8 oygrvhab hcukyx3x jb3vyjys rz4wbd8a qt6c0cv9 a8nywdso i1ao9s8h esuyzwwr f1sip0of lzcic4wl gpro0wi8 py34i1dx\" tabindex=\"0\" role=\"link\" href=\"https:\/\/t.me\/SuriyeArapHaberAjans?fbclid=IwAR20FAej8WCT0dVzr4YYgEC-ewyyxFcLC5UqGnR_tN3g1mg3j773AilVtHU\" target=\"_blank\" rel=\"nofollow noopener\">https:\/\/t.me\/SuriyeArapHaberAjans<\/a><\/p>\n","protected":false},"excerpt":{"rendered":"<p>Rusya G\u00fcvenlik Konseyi Sekreteri Nikolai Patru\u015fev, baz\u0131 Suriye ve Irak topraklar\u0131nda bulunan ter\u00f6r \u00f6rg\u00fctlerinin zay\u0131flad\u0131\u011f\u0131n\u0131 ve faaliyetlerini azaltt\u0131\u011f\u0131n\u0131, di\u011fer y\u00f6nlerde ve \u00fclkelerde aktif olmaya ba\u015flad\u0131klar\u0131n\u0131 belirtti. Patru\u015fev, \u00d6zbekistan&#8217;\u0131n ba\u015fkenti Ta\u015fkent&#8217;te \u015eanghay \u0130\u015fbirli\u011fi \u00d6rg\u00fct\u00fc \u00fclkelerinin g\u00fcvenlik konseyleri sekreterlerinin toplant\u0131s\u0131nda,&#8221;Uluslararas\u0131 ter\u00f6r \u00f6rg\u00fctlerinin Irak ve Suriye&#8217;deki b\u00fcy\u00fck zay\u0131fl\u0131\u011f\u0131na ra\u011fmen, G\u00fcney Asya, Afrika k\u0131tas\u0131 ve Ortado\u011fu b\u00f6lgelerinde y\u00fcksek d\u00fczeyde &hellip;<\/p>\n","protected":false},"author":36,"featured_media":260879,"comment_status":"closed","ping_status":"closed","sticky":false,"template":"","format":"standard","meta":{"footnotes":""},"categories":[458,459,17988],"tags":[],"class_list":["post-260878","post","type-post","status-publish","format-standard","has-post-thumbnail","","category-dunya1","category-haberler-arap-uluslararasi-politika","category-son-haberler"],"_links":{"self":[{"href":"https:\/\/archive.sana.sy\/tr\/index.php?rest_route=\/wp\/v2\/posts\/260878","targetHints":{"allow":["GET"]}}],"collection":[{"href":"https:\/\/archive.sana.sy\/tr\/index.php?rest_route=\/wp\/v2\/posts"}],"about":[{"href":"https:\/\/archive.sana.sy\/tr\/index.php?rest_route=\/wp\/v2\/types\/post"}],"author":[{"embeddable":true,"href":"https:\/\/archive.sana.sy\/tr\/index.php?rest_route=\/wp\/v2\/users\/36"}],"replies":[{"embeddable":true,"href":"https:\/\/archive.sana.sy\/tr\/index.php?rest_route=%2Fwp%2Fv2%2Fcomments&post=260878"}],"version-history":[{"count":0,"href":"https:\/\/archive.sana.sy\/tr\/index.php?rest_route=\/wp\/v2\/posts\/260878\/revisions"}],"wp:featuredmedia":[{"embeddable":true,"href":"https:\/\/archive.sana.sy\/tr\/index.php?rest_route=\/wp\/v2\/media\/260879"}],"wp:attachment":[{"href":"https:\/\/archive.sana.sy\/tr\/index.php?rest_route=%2Fwp%2Fv2%2Fmedia&parent=260878"}],"wp:term":[{"taxonomy":"category","embeddable":true,"href":"https:\/\/archive.sana.sy\/tr\/index.php?rest_route=%2Fwp%2Fv2%2Fcategories&post=260878"},{"taxonomy":"post_tag","embeddable":true,"href":"https:\/\/archive.sana.sy\/tr\/index.php?rest_route=%2Fwp%2Fv2%2Ftags&post=260878"}],"curies":[{"name":"wp","href":"https:\/\/api.w.org\/{rel}","templated":true}]}}