{"id":260997,"date":"2022-08-21T13:28:21","date_gmt":"2022-08-21T10:28:21","guid":{"rendered":"http:\/\/107.6.182.27\/tr\/?p=260997"},"modified":"2022-08-22T08:29:52","modified_gmt":"2022-08-22T05:29:52","slug":"turk-isgalci-parali-askerleri-rakkanin-kuzey-kirsalini-agir-toplarla-saldirdi","status":"publish","type":"post","link":"https:\/\/archive.sana.sy\/tr\/?p=260997","title":{"rendered":"\u0130\u015fgalci T\u00fcrkiye&#8217;nin Kiral\u0131klar\u0131 Rakka Kuzey K\u0131rsal\u0131n\u0131 A\u011f\u0131r Toplarla Hedef Ald\u0131"},"content":{"rendered":"<p>RAKKA \u2013 T\u00fcrk rejimi taraf\u0131ndan desteklenen ter\u00f6r \u00f6rg\u00fctleri, Rakka k\u0131rsal\u0131n\u0131n kuzeyinde yer alan Tel Abyad ve Ayn Isa b\u00f6lgelerindeki g\u00fcvenli b\u00f6lgelere top\u00e7u sald\u0131r\u0131lar\u0131n\u0131 yeniledi.<\/p>\n<p>Yerel kaynaklar SANA&#8217;ya, T\u00fcrk i\u015fgaline ba\u011fl\u0131 \u00e7etelerin son saatlerde Rakka k\u0131rsal\u0131n\u0131n kuzeyinde yer alan Tel Abyad ve Ayn Isa kentlerinin yak\u0131n\u0131ndaki k\u00f6ylerdeki konut b\u00f6lgelerini a\u011f\u0131r toplarla hedef ald\u0131\u011f\u0131n\u0131 s\u00f6yledi.<\/p>\n<p>Kaynaklar s\u00f6z konusu sald\u0131r\u0131lar\u0131n\u0131n sonucunda, baz\u0131 evlerde ve altyap\u0131da maddi hasarlar meydana geldi\u011fine i\u015faret etti.<\/p>\n<p><a class=\"qi72231t nu7423ey n3hqoq4p r86q59rh b3qcqh3k fq87ekyn bdao358l fsf7x5fv rse6dlih s5oniofx m8h3af8h l7ghb35v kjdc1dyq kmwttqpk srn514ro oxkhqvkx rl78xhln nch0832m cr00lzj9 rn8ck1ys s3jn8y49 icdlwmnq cxfqmxzd d1w2l3lo tes86rjd\" tabindex=\"0\" role=\"link\" href=\"https:\/\/www.facebook.com\/hashtag\/telegram_kanal%C4%B1m%C4%B1z?__eep__=6&amp;__cft__[0]=AZWS8GNyYL1CABCM20ktNQKTiXT78J1voWFWAZtXhmuzA36Yv5t3nrSq1mgUhITVG3azmW9ny6ph2IH-A_0QUOSPmbktqPKJD93uHifPKVs7pO5lq_xSj003-Rr_XHx_6bU&amp;__tn__=*NK-R\">#Telegram_Kanal\u0131m\u0131z<\/a>:\u00a0<a class=\"qi72231t nu7423ey n3hqoq4p r86q59rh b3qcqh3k fq87ekyn bdao358l fsf7x5fv rse6dlih s5oniofx m8h3af8h l7ghb35v kjdc1dyq kmwttqpk srn514ro oxkhqvkx rl78xhln nch0832m cr00lzj9 rn8ck1ys s3jn8y49 icdlwmnq cxfqmxzd ezidihy3\" tabindex=\"0\" role=\"link\" href=\"https:\/\/t.me\/SuriyeArapHaberAjans?fbclid=IwAR3GFtFBc5FyTTv89LyMEMTk7MS47voaX5g5dBmoxO7hjHa3bJrmvFXQ_YM\" target=\"_blank\" rel=\"nofollow noopener\">https:\/\/t.me\/SuriyeArapHaberAjans<\/a><\/p>\n","protected":false},"excerpt":{"rendered":"<p>RAKKA \u2013 T\u00fcrk rejimi taraf\u0131ndan desteklenen ter\u00f6r \u00f6rg\u00fctleri, Rakka k\u0131rsal\u0131n\u0131n kuzeyinde yer alan Tel Abyad ve Ayn Isa b\u00f6lgelerindeki g\u00fcvenli b\u00f6lgelere top\u00e7u sald\u0131r\u0131lar\u0131n\u0131 yeniledi. Yerel kaynaklar SANA&#8217;ya, T\u00fcrk i\u015fgaline ba\u011fl\u0131 \u00e7etelerin son saatlerde Rakka k\u0131rsal\u0131n\u0131n kuzeyinde yer alan Tel Abyad ve Ayn Isa kentlerinin yak\u0131n\u0131ndaki k\u00f6ylerdeki konut b\u00f6lgelerini a\u011f\u0131r toplarla hedef ald\u0131\u011f\u0131n\u0131 s\u00f6yledi. Kaynaklar s\u00f6z &hellip;<\/p>\n","protected":false},"author":36,"featured_media":260998,"comment_status":"closed","ping_status":"closed","sticky":false,"template":"","format":"standard","meta":{"footnotes":""},"categories":[479,575,17988,2554,2555,478],"tags":[],"class_list":["post-260997","post","type-post","status-publish","format-standard","has-post-thumbnail","","category-haberler-yerel","category-olaylar-ve-gercekler","category-son-haberler","category-suriye-ve-dunya","category-suriye-ve-turkiye","category-yerel"],"_links":{"self":[{"href":"https:\/\/archive.sana.sy\/tr\/index.php?rest_route=\/wp\/v2\/posts\/260997","targetHints":{"allow":["GET"]}}],"collection":[{"href":"https:\/\/archive.sana.sy\/tr\/index.php?rest_route=\/wp\/v2\/posts"}],"about":[{"href":"https:\/\/archive.sana.sy\/tr\/index.php?rest_route=\/wp\/v2\/types\/post"}],"author":[{"embeddable":true,"href":"https:\/\/archive.sana.sy\/tr\/index.php?rest_route=\/wp\/v2\/users\/36"}],"replies":[{"embeddable":true,"href":"https:\/\/archive.sana.sy\/tr\/index.php?rest_route=%2Fwp%2Fv2%2Fcomments&post=260997"}],"version-history":[{"count":0,"href":"https:\/\/archive.sana.sy\/tr\/index.php?rest_route=\/wp\/v2\/posts\/260997\/revisions"}],"wp:featuredmedia":[{"embeddable":true,"href":"https:\/\/archive.sana.sy\/tr\/index.php?rest_route=\/wp\/v2\/media\/260998"}],"wp:attachment":[{"href":"https:\/\/archive.sana.sy\/tr\/index.php?rest_route=%2Fwp%2Fv2%2Fmedia&parent=260997"}],"wp:term":[{"taxonomy":"category","embeddable":true,"href":"https:\/\/archive.sana.sy\/tr\/index.php?rest_route=%2Fwp%2Fv2%2Fcategories&post=260997"},{"taxonomy":"post_tag","embeddable":true,"href":"https:\/\/archive.sana.sy\/tr\/index.php?rest_route=%2Fwp%2Fv2%2Ftags&post=260997"}],"curies":[{"name":"wp","href":"https:\/\/api.w.org\/{rel}","templated":true}]}}