{"id":26103,"date":"2015-03-10T11:32:23","date_gmt":"2015-03-10T09:32:23","guid":{"rendered":"http:\/\/www.sana.sy\/tr\/?p=26103"},"modified":"2015-03-10T11:32:23","modified_gmt":"2015-03-10T09:32:23","slug":"askeri-kaynak-ordu-birliklerimizin-dera-beledin-bir-um-el-durc-ve-dera-kirsali-busra-el-sam-civarinda-teroristlerin-saflarinda-cok-sayida-olu-ve-yarali-dusurduklerini-soyledi","status":"publish","type":"post","link":"https:\/\/archive.sana.sy\/tr\/?p=26103","title":{"rendered":"Askeri kaynak, ordu birliklerimizin Dera Beled\u2019in Bi\u2019r Um el Durc ve Dera k\u0131rsal\u0131 Busra el \u015eam civar\u0131nda ter\u00f6ristlerin saflar\u0131nda \u00e7ok say\u0131da \u00f6l\u00fc ve yaral\u0131 d\u00fc\u015f\u00fcrd\u00fcklerini s\u00f6yledi."},"content":{"rendered":"<p>Askeri kaynak, ordu birliklerimizin Dera Beled\u2019in Bi\u2019r Um el Durc ve Dera k\u0131rsal\u0131 Busra el \u015eam civar\u0131nda ter\u00f6ristlerin saflar\u0131nda \u00e7ok say\u0131da \u00f6l\u00fc ve yaral\u0131 d\u00fc\u015f\u00fcrd\u00fcklerini s\u00f6yledi.<\/p>\n","protected":false},"excerpt":{"rendered":"<p>Askeri kaynak, ordu birliklerimizin Dera Beled\u2019in Bi\u2019r Um el Durc ve Dera k\u0131rsal\u0131 Busra el \u015eam civar\u0131nda ter\u00f6ristlerin saflar\u0131nda \u00e7ok say\u0131da \u00f6l\u00fc ve yaral\u0131 d\u00fc\u015f\u00fcrd\u00fcklerini s\u00f6yledi.<\/p>\n","protected":false},"author":1,"featured_media":0,"comment_status":"closed","ping_status":"closed","sticky":false,"template":"","format":"standard","meta":{"footnotes":""},"categories":[1],"tags":[1031,12374],"class_list":["post-26103","post","type-post","status-publish","format-standard","","category-news-not-sorted","tag-askeri-kaynak","tag-ordu-birliklerimizin-dera-beledin-bir-um-el-durc-ve-dera-kirsali-busra-el-sam-civarinda-teroristlerin-saflarinda-cok-sayida-olu-ve-yarali-dusurduklerini-soyledi"],"_links":{"self":[{"href":"https:\/\/archive.sana.sy\/tr\/index.php?rest_route=\/wp\/v2\/posts\/26103","targetHints":{"allow":["GET"]}}],"collection":[{"href":"https:\/\/archive.sana.sy\/tr\/index.php?rest_route=\/wp\/v2\/posts"}],"about":[{"href":"https:\/\/archive.sana.sy\/tr\/index.php?rest_route=\/wp\/v2\/types\/post"}],"author":[{"embeddable":true,"href":"https:\/\/archive.sana.sy\/tr\/index.php?rest_route=\/wp\/v2\/users\/1"}],"replies":[{"embeddable":true,"href":"https:\/\/archive.sana.sy\/tr\/index.php?rest_route=%2Fwp%2Fv2%2Fcomments&post=26103"}],"version-history":[{"count":0,"href":"https:\/\/archive.sana.sy\/tr\/index.php?rest_route=\/wp\/v2\/posts\/26103\/revisions"}],"wp:attachment":[{"href":"https:\/\/archive.sana.sy\/tr\/index.php?rest_route=%2Fwp%2Fv2%2Fmedia&parent=26103"}],"wp:term":[{"taxonomy":"category","embeddable":true,"href":"https:\/\/archive.sana.sy\/tr\/index.php?rest_route=%2Fwp%2Fv2%2Fcategories&post=26103"},{"taxonomy":"post_tag","embeddable":true,"href":"https:\/\/archive.sana.sy\/tr\/index.php?rest_route=%2Fwp%2Fv2%2Ftags&post=26103"}],"curies":[{"name":"wp","href":"https:\/\/api.w.org\/{rel}","templated":true}]}}