{"id":261048,"date":"2022-08-22T12:53:47","date_gmt":"2022-08-22T09:53:47","guid":{"rendered":"http:\/\/107.6.182.27\/tr\/?p=261048"},"modified":"2022-08-28T10:48:17","modified_gmt":"2022-08-28T07:48:17","slug":"kultur-bakani-ispanyol-heyetle-gorusmesinde-terorizmin-suriyede-yaptiklarinin-gercek-resmini-aktarmaya-davet-ediyor","status":"publish","type":"post","link":"https:\/\/archive.sana.sy\/tr\/?p=261048","title":{"rendered":"K\u00fclt\u00fcr Bakan\u0131 \u0130spanyol Heyetle G\u00f6r\u00fc\u015fmesinde Ter\u00f6rizmin Suriye&#8217;de Yapt\u0131klar\u0131n\u0131n Ger\u00e7ek Resmini Aktarmaya Davet Ediyor"},"content":{"rendered":"<p>\u015eAM \u2013 K\u00fclt\u00fcr Bakan\u0131 Dr. Lubana Mu\u015favvah, \u0130spanya Kom\u00fcnist Partisi&#8217;ne tabi (Suriye Destek Hareketi)&#8217;nden bir \u0130spanyol heyetle bir araya geldi.<\/p>\n<p>\u0130ki taraf, derin tarihi ba\u011flar\u0131 payla\u015fan Suriye ve \u0130spanyol halklar\u0131 aras\u0131ndaki k\u00fclt\u00fcrel ili\u015fkileri ele ald\u0131.<\/p>\n<p>Heyeti K\u00fclt\u00fcr Bakanl\u0131\u011f\u0131 binas\u0131nda kabul eden Dr. Mu\u015favvah, ziyaretin kadim Suriye uygarl\u0131\u011f\u0131n\u0131n belgelenmesi a\u00e7\u0131s\u0131ndan \u00f6nemini vurgulayarak, ter\u00f6rizm Suriye&#8217;deki sava\u015f s\u0131ras\u0131nda ne yapt\u0131\u011f\u0131n\u0131 ve ger\u00e7ek imaj\u0131n\u0131 \u0130spanyol gen\u00e7li\u011fine aktarmas\u0131 a\u00e7\u0131s\u0131ndan \u00f6nemli oldu\u011funu belirtti ve Hareketin insani ve siyasi meseleleri destekleme \u00e7abalar\u0131n\u0131 takdir etti.<\/p>\n<p><a class=\"qi72231t nu7423ey n3hqoq4p r86q59rh b3qcqh3k fq87ekyn bdao358l fsf7x5fv rse6dlih s5oniofx m8h3af8h l7ghb35v kjdc1dyq kmwttqpk srn514ro oxkhqvkx rl78xhln nch0832m cr00lzj9 rn8ck1ys s3jn8y49 icdlwmnq cxfqmxzd d1w2l3lo tes86rjd\" tabindex=\"0\" role=\"link\" href=\"https:\/\/www.facebook.com\/hashtag\/telegram_kanal%C4%B1m%C4%B1z?__eep__=6&amp;__cft__[0]=AZWS8GNyYL1CABCM20ktNQKTiXT78J1voWFWAZtXhmuzA36Yv5t3nrSq1mgUhITVG3azmW9ny6ph2IH-A_0QUOSPmbktqPKJD93uHifPKVs7pO5lq_xSj003-Rr_XHx_6bU&amp;__tn__=*NK-R\">#Telegram_Kanal\u0131m\u0131z<\/a>:\u00a0<a class=\"qi72231t nu7423ey n3hqoq4p r86q59rh b3qcqh3k fq87ekyn bdao358l fsf7x5fv rse6dlih s5oniofx m8h3af8h l7ghb35v kjdc1dyq kmwttqpk srn514ro oxkhqvkx rl78xhln nch0832m cr00lzj9 rn8ck1ys s3jn8y49 icdlwmnq cxfqmxzd ezidihy3\" tabindex=\"0\" role=\"link\" href=\"https:\/\/t.me\/SuriyeArapHaberAjans?fbclid=IwAR3GFtFBc5FyTTv89LyMEMTk7MS47voaX5g5dBmoxO7hjHa3bJrmvFXQ_YM\" target=\"_blank\" rel=\"nofollow noopener\">https:\/\/t.me\/SuriyeArapHaberAjans<\/a><\/p>\n","protected":false},"excerpt":{"rendered":"<p>\u015eAM \u2013 K\u00fclt\u00fcr Bakan\u0131 Dr. Lubana Mu\u015favvah, \u0130spanya Kom\u00fcnist Partisi&#8217;ne tabi (Suriye Destek Hareketi)&#8217;nden bir \u0130spanyol heyetle bir araya geldi. \u0130ki taraf, derin tarihi ba\u011flar\u0131 payla\u015fan Suriye ve \u0130spanyol halklar\u0131 aras\u0131ndaki k\u00fclt\u00fcrel ili\u015fkileri ele ald\u0131. Heyeti K\u00fclt\u00fcr Bakanl\u0131\u011f\u0131 binas\u0131nda kabul eden Dr. Mu\u015favvah, ziyaretin kadim Suriye uygarl\u0131\u011f\u0131n\u0131n belgelenmesi a\u00e7\u0131s\u0131ndan \u00f6nemini vurgulayarak, ter\u00f6rizm Suriye&#8217;deki sava\u015f s\u0131ras\u0131nda &hellip;<\/p>\n","protected":false},"author":39,"featured_media":261049,"comment_status":"closed","ping_status":"closed","sticky":false,"template":"","format":"standard","meta":{"footnotes":""},"categories":[479,17988,478],"tags":[],"class_list":["post-261048","post","type-post","status-publish","format-standard","has-post-thumbnail","","category-haberler-yerel","category-son-haberler","category-yerel"],"_links":{"self":[{"href":"https:\/\/archive.sana.sy\/tr\/index.php?rest_route=\/wp\/v2\/posts\/261048","targetHints":{"allow":["GET"]}}],"collection":[{"href":"https:\/\/archive.sana.sy\/tr\/index.php?rest_route=\/wp\/v2\/posts"}],"about":[{"href":"https:\/\/archive.sana.sy\/tr\/index.php?rest_route=\/wp\/v2\/types\/post"}],"author":[{"embeddable":true,"href":"https:\/\/archive.sana.sy\/tr\/index.php?rest_route=\/wp\/v2\/users\/39"}],"replies":[{"embeddable":true,"href":"https:\/\/archive.sana.sy\/tr\/index.php?rest_route=%2Fwp%2Fv2%2Fcomments&post=261048"}],"version-history":[{"count":0,"href":"https:\/\/archive.sana.sy\/tr\/index.php?rest_route=\/wp\/v2\/posts\/261048\/revisions"}],"wp:featuredmedia":[{"embeddable":true,"href":"https:\/\/archive.sana.sy\/tr\/index.php?rest_route=\/wp\/v2\/media\/261049"}],"wp:attachment":[{"href":"https:\/\/archive.sana.sy\/tr\/index.php?rest_route=%2Fwp%2Fv2%2Fmedia&parent=261048"}],"wp:term":[{"taxonomy":"category","embeddable":true,"href":"https:\/\/archive.sana.sy\/tr\/index.php?rest_route=%2Fwp%2Fv2%2Fcategories&post=261048"},{"taxonomy":"post_tag","embeddable":true,"href":"https:\/\/archive.sana.sy\/tr\/index.php?rest_route=%2Fwp%2Fv2%2Ftags&post=261048"}],"curies":[{"name":"wp","href":"https:\/\/api.w.org\/{rel}","templated":true}]}}