{"id":261051,"date":"2022-08-22T12:55:21","date_gmt":"2022-08-22T09:55:21","guid":{"rendered":"http:\/\/107.6.182.27\/tr\/?p=261051"},"modified":"2022-08-24T08:14:38","modified_gmt":"2022-08-24T05:14:38","slug":"caferi-ispanyol-heyete-avrupa-gencliginin-rolu-suriyenin-nmaruz-kaldiklarina-dair-gerekli-farkindaligi-yaratmada-onemlidir","status":"publish","type":"post","link":"https:\/\/archive.sana.sy\/tr\/?p=261051","title":{"rendered":"Caferi \u0130spanyol Heyete: Avrupa Gen\u00e7li\u011finin Rol\u00fc, Suriye&#8217;nin Nmaruz Kald\u0131klar\u0131na Dair Gerekli Fark\u0131ndal\u0131\u011f\u0131 Yaratmada \u00d6nemlidir"},"content":{"rendered":"<p style=\"text-align: justify;\">\u015eAM &#8211; D\u0131\u015fi\u015fleri ve Gurbet\u00e7iler Bakan Yard\u0131mc\u0131s\u0131 Dr. Be\u015f\u015far Caferi, Suriye&#8217;nin ter\u00f6rizme ve onu destekleyen g\u00fc\u00e7lere kar\u015f\u0131 kazand\u0131\u011f\u0131 zaferin, hakikat ve ku\u015fatma alt\u0131ndaki t\u00fcm \u00fclkeler ve s\u00f6zde yapt\u0131r\u0131mlar i\u00e7in bir zafer oldu\u011funu belirterek, Avrupa gen\u00e7li\u011finin toplumlar\u0131nda Suriye&#8217;ye y\u00f6nelik komplo hakk\u0131nda gerekli fark\u0131ndal\u0131\u011f\u0131 yaratmadaki rol\u00fcn\u00fcn \u00f6nemine i\u015faret etti.<\/p>\n<p style=\"text-align: justify;\">Caferi, \u0130spanyol Kom\u00fcnist Partisi Suriye Gen\u00e7lik Destek Hareketi Ba\u015fkan\u0131 Aser Heransi ve beraberindeki heyetle d\u00fcn yapt\u0131\u011f\u0131 g\u00f6r\u00fc\u015fmede, Suriye&#8217;de y\u00fcr\u00fct\u00fclen ter\u00f6r sava\u015f\u0131n\u0131n etkilerini ve yasad\u0131\u015f\u0131 ve yasad\u0131\u015f\u0131 tek tarafl\u0131 zorlay\u0131c\u0131 ekonomik \u00f6nlemlerle i\u00e7i\u015flerine d\u0131\u015f m\u00fcdahaleyi de\u011ferlendirerek, topraklar\u0131n baz\u0131 k\u0131s\u0131mlar\u0131n\u0131 Amerikan, T\u00fcrk ve \u0130srail i\u015fgalinin Suriye halk\u0131n\u0131n ac\u0131lar\u0131n\u0131n a\u011f\u0131rla\u015fmas\u0131na katk\u0131da bulundu\u011funa dikkat \u00e7ekti.<\/p>\n<p style=\"text-align: justify;\">Bu ba\u011flamda Caferi, Suriye topraklar\u0131n\u0131n birli\u011fini ve b\u00fct\u00fcnl\u00fc\u011f\u00fcn\u00fc koruman\u0131n ve i\u015fgal alt\u0131ndaki t\u00fcm topraklar\u0131n kurtar\u0131lmas\u0131n\u0131n, diplomatik bir zafer elde etmi\u015f, siyasi ve askeri hedeflerine ula\u015fma e\u015fi\u011finde olan Suriye i\u00e7in bir \u00f6ncelik oldu\u011funu belirterek, Suriye&#8217;nin ter\u00f6re ve onu destekleyen g\u00fc\u00e7lere kar\u015f\u0131 kazand\u0131\u011f\u0131 zaferin, hakikatin ve ku\u015fatma alt\u0131ndaki t\u00fcm \u00fclkelerin ve s\u00f6zde yapt\u0131r\u0131mlar\u0131n zaferi oldu\u011funu vurgulad\u0131.<\/p>\n<p style=\"text-align: justify;\">Caferi, Suriye&#8217;ye y\u00f6nelik medya sava\u015f\u0131na ra\u011fmen Avrupa gen\u00e7li\u011fi kategorisinin fark\u0131ndal\u0131\u011f\u0131na ve fikirlerinden ba\u011f\u0131ms\u0131z olabilmelerine olan hayranl\u0131\u011f\u0131na dikkat \u00e7ekerek, toplumlar\u0131nda gerekli fark\u0131ndal\u0131\u011f\u0131 yaratmadaki rollerinin \u00f6nemini vurgulad\u0131.<\/p>\n<p style=\"text-align: justify;\">Kendi y\u00f6n\u00fcnden Suriye Destek Hareketi ba\u015fkan\u0131 Heransi ise, s\u00f6zde \u201cSuriye muhalefeti\u201d ger\u00e7e\u011fini a\u00e7\u0131klad\u0131\u011f\u0131 i\u00e7in, hareketin propaganda ve medyadaki yanl\u0131\u015f bilgilendirmeye kar\u015f\u0131 y\u00fcr\u00fct\u00fclen faaliyetlere ve faaliyetlere at\u0131fta bulunarak, istikrarl\u0131 g\u00fcvenlik ger\u00e7e\u011fini \u015eam mahallelerinden aktaracaklar\u0131n\u0131 ve ter\u00f6re direnen ve m\u00fccadele eden Suriye&#8217;ye desteklerini s\u00fcrd\u00fcreceklerini vurgulad\u0131.<\/p>\n<p style=\"text-align: justify;\">Suriye Destek Hareketi dokuz y\u0131l \u00f6nce \u0130spanya&#8217;da kurulmu\u015f ve s\u00fcper g\u00fc\u00e7lerin Suriye&#8217;yi yok etmek i\u00e7in \u00e7\u0131kard\u0131klar\u0131 komplo kar\u015f\u0131s\u0131nda Suriye&#8217;ye destek olmay\u0131 hedeflemektedir.<\/p>\n<p style=\"text-align: justify;\">Toplant\u0131ya D\u0131\u015fi\u015fleri Bakan Yard\u0131mc\u0131s\u0131 ve Gubet\u00e7iler Dairesi Ba\u015fkan\u0131 Dr. Yamin Yassuf ve Bakan Yard\u0131mc\u0131s\u0131 Ofisinden Muna \u0130smender kat\u0131ld\u0131.<\/p>\n<p><a class=\"qi72231t nu7423ey n3hqoq4p r86q59rh b3qcqh3k fq87ekyn bdao358l fsf7x5fv rse6dlih s5oniofx m8h3af8h l7ghb35v kjdc1dyq kmwttqpk srn514ro oxkhqvkx rl78xhln nch0832m cr00lzj9 rn8ck1ys s3jn8y49 icdlwmnq cxfqmxzd d1w2l3lo tes86rjd\" tabindex=\"0\" role=\"link\" href=\"https:\/\/www.facebook.com\/hashtag\/telegram_kanal%C4%B1m%C4%B1z?__eep__=6&amp;__cft__[0]=AZWS8GNyYL1CABCM20ktNQKTiXT78J1voWFWAZtXhmuzA36Yv5t3nrSq1mgUhITVG3azmW9ny6ph2IH-A_0QUOSPmbktqPKJD93uHifPKVs7pO5lq_xSj003-Rr_XHx_6bU&amp;__tn__=*NK-R\">#Telegram_Kanal\u0131m\u0131z<\/a>:\u00a0<a class=\"qi72231t nu7423ey n3hqoq4p r86q59rh b3qcqh3k fq87ekyn bdao358l fsf7x5fv rse6dlih s5oniofx m8h3af8h l7ghb35v kjdc1dyq kmwttqpk srn514ro oxkhqvkx rl78xhln nch0832m cr00lzj9 rn8ck1ys s3jn8y49 icdlwmnq cxfqmxzd ezidihy3\" tabindex=\"0\" role=\"link\" href=\"https:\/\/t.me\/SuriyeArapHaberAjans?fbclid=IwAR3GFtFBc5FyTTv89LyMEMTk7MS47voaX5g5dBmoxO7hjHa3bJrmvFXQ_YM\" target=\"_blank\" rel=\"nofollow noopener\">https:\/\/t.me\/SuriyeArapHaberAjans<\/a><\/p>\n","protected":false},"excerpt":{"rendered":"<p>\u015eAM &#8211; D\u0131\u015fi\u015fleri ve Gurbet\u00e7iler Bakan Yard\u0131mc\u0131s\u0131 Dr. Be\u015f\u015far Caferi, Suriye&#8217;nin ter\u00f6rizme ve onu destekleyen g\u00fc\u00e7lere kar\u015f\u0131 kazand\u0131\u011f\u0131 zaferin, hakikat ve ku\u015fatma alt\u0131ndaki t\u00fcm \u00fclkeler ve s\u00f6zde yapt\u0131r\u0131mlar i\u00e7in bir zafer oldu\u011funu belirterek, Avrupa gen\u00e7li\u011finin toplumlar\u0131nda Suriye&#8217;ye y\u00f6nelik komplo hakk\u0131nda gerekli fark\u0131ndal\u0131\u011f\u0131 yaratmadaki rol\u00fcn\u00fcn \u00f6nemine i\u015faret etti. Caferi, \u0130spanyol Kom\u00fcnist Partisi Suriye Gen\u00e7lik Destek Hareketi &hellip;<\/p>\n","protected":false},"author":1,"featured_media":261052,"comment_status":"closed","ping_status":"closed","sticky":false,"template":"","format":"standard","meta":{"footnotes":""},"categories":[479,17988,478],"tags":[],"class_list":["post-261051","post","type-post","status-publish","format-standard","has-post-thumbnail","","category-haberler-yerel","category-son-haberler","category-yerel"],"_links":{"self":[{"href":"https:\/\/archive.sana.sy\/tr\/index.php?rest_route=\/wp\/v2\/posts\/261051","targetHints":{"allow":["GET"]}}],"collection":[{"href":"https:\/\/archive.sana.sy\/tr\/index.php?rest_route=\/wp\/v2\/posts"}],"about":[{"href":"https:\/\/archive.sana.sy\/tr\/index.php?rest_route=\/wp\/v2\/types\/post"}],"author":[{"embeddable":true,"href":"https:\/\/archive.sana.sy\/tr\/index.php?rest_route=\/wp\/v2\/users\/1"}],"replies":[{"embeddable":true,"href":"https:\/\/archive.sana.sy\/tr\/index.php?rest_route=%2Fwp%2Fv2%2Fcomments&post=261051"}],"version-history":[{"count":0,"href":"https:\/\/archive.sana.sy\/tr\/index.php?rest_route=\/wp\/v2\/posts\/261051\/revisions"}],"wp:featuredmedia":[{"embeddable":true,"href":"https:\/\/archive.sana.sy\/tr\/index.php?rest_route=\/wp\/v2\/media\/261052"}],"wp:attachment":[{"href":"https:\/\/archive.sana.sy\/tr\/index.php?rest_route=%2Fwp%2Fv2%2Fmedia&parent=261051"}],"wp:term":[{"taxonomy":"category","embeddable":true,"href":"https:\/\/archive.sana.sy\/tr\/index.php?rest_route=%2Fwp%2Fv2%2Fcategories&post=261051"},{"taxonomy":"post_tag","embeddable":true,"href":"https:\/\/archive.sana.sy\/tr\/index.php?rest_route=%2Fwp%2Fv2%2Ftags&post=261051"}],"curies":[{"name":"wp","href":"https:\/\/api.w.org\/{rel}","templated":true}]}}