{"id":261054,"date":"2022-08-22T12:56:26","date_gmt":"2022-08-22T09:56:26","guid":{"rendered":"http:\/\/107.6.182.27\/tr\/?p=261054"},"modified":"2022-08-24T08:14:48","modified_gmt":"2022-08-24T05:14:48","slug":"rusya-bayragi-gunu-munasebetiyle-yapilacak-faaliyetlere-hazirlik-olarak-emeviler-sahasinda-karnaval-havasi","status":"publish","type":"post","link":"https:\/\/archive.sana.sy\/tr\/?p=261054","title":{"rendered":"Rusya Bayra\u011f\u0131 G\u00fcn\u00fc M\u00fcnasebetiyle Yap\u0131lacak Faaliyetlere Haz\u0131rl\u0131k Olarak Emeviler Sahas\u0131nda Karnaval Havas\u0131"},"content":{"rendered":"<p style=\"text-align: justify;\">\u015eAM &#8211; SANA muhabiri, \u015eam&#8217;daki Emevi Meydan\u0131&#8217;n\u0131n bug\u00fcn Rusya Bayrak G\u00fcn\u00fc vesilesiyle bir dizi faaliyetin ba\u015flamas\u0131na haz\u0131rl\u0131k olarak bir karnaval havas\u0131na tan\u0131k oldu\u011funu bildirdi.<\/p>\n<p style=\"text-align: justify;\">Rusya Bayrak G\u00fcn\u00fc kutlamalar\u0131na Rus halk\u0131n\u0131n kat\u0131l\u0131m\u0131n\u0131n bir ifadesi olarak, kat\u0131l\u0131mc\u0131lar Emevi Meydan\u0131&#8217;nda Rusya Federasyonu bayra\u011f\u0131n\u0131 kald\u0131rd\u0131.<\/p>\n<p style=\"text-align: justify;\">Halihaz\u0131rdaki Rus bayra\u011f\u0131 30 y\u0131l \u00f6nce 1 Kas\u0131m 1991&#8217;de onaylanm\u0131\u015f ve 20 A\u011fustos 1994&#8217;te Rus bayra\u011f\u0131n\u0131n Rusya Devlet Ba\u015fkan\u0131&#8217;n\u0131n emriyle kurulmu\u015ftur.<\/p>\n<p style=\"text-align: justify;\">Rus bayra\u011f\u0131ndaki beyaz renk asalet ve d\u00fcr\u00fcstl\u00fc\u011f\u00fc, mavi renk sadakat ve iffeti, k\u0131rm\u0131z\u0131 renk ise cesareti simgelemektedir.<\/p>\n<p><a class=\"qi72231t nu7423ey n3hqoq4p r86q59rh b3qcqh3k fq87ekyn bdao358l fsf7x5fv rse6dlih s5oniofx m8h3af8h l7ghb35v kjdc1dyq kmwttqpk srn514ro oxkhqvkx rl78xhln nch0832m cr00lzj9 rn8ck1ys s3jn8y49 icdlwmnq cxfqmxzd d1w2l3lo tes86rjd\" tabindex=\"0\" role=\"link\" href=\"https:\/\/www.facebook.com\/hashtag\/telegram_kanal%C4%B1m%C4%B1z?__eep__=6&amp;__cft__[0]=AZWS8GNyYL1CABCM20ktNQKTiXT78J1voWFWAZtXhmuzA36Yv5t3nrSq1mgUhITVG3azmW9ny6ph2IH-A_0QUOSPmbktqPKJD93uHifPKVs7pO5lq_xSj003-Rr_XHx_6bU&amp;__tn__=*NK-R\">#Telegram_Kanal\u0131m\u0131z<\/a>:\u00a0<a class=\"qi72231t nu7423ey n3hqoq4p r86q59rh b3qcqh3k fq87ekyn bdao358l fsf7x5fv rse6dlih s5oniofx m8h3af8h l7ghb35v kjdc1dyq kmwttqpk srn514ro oxkhqvkx rl78xhln nch0832m cr00lzj9 rn8ck1ys s3jn8y49 icdlwmnq cxfqmxzd ezidihy3\" tabindex=\"0\" role=\"link\" href=\"https:\/\/t.me\/SuriyeArapHaberAjans?fbclid=IwAR3GFtFBc5FyTTv89LyMEMTk7MS47voaX5g5dBmoxO7hjHa3bJrmvFXQ_YM\" target=\"_blank\" rel=\"nofollow noopener\">https:\/\/t.me\/SuriyeArapHaberAjans<\/a><\/p>\n","protected":false},"excerpt":{"rendered":"<p>\u015eAM &#8211; SANA muhabiri, \u015eam&#8217;daki Emevi Meydan\u0131&#8217;n\u0131n bug\u00fcn Rusya Bayrak G\u00fcn\u00fc vesilesiyle bir dizi faaliyetin ba\u015flamas\u0131na haz\u0131rl\u0131k olarak bir karnaval havas\u0131na tan\u0131k oldu\u011funu bildirdi. Rusya Bayrak G\u00fcn\u00fc kutlamalar\u0131na Rus halk\u0131n\u0131n kat\u0131l\u0131m\u0131n\u0131n bir ifadesi olarak, kat\u0131l\u0131mc\u0131lar Emevi Meydan\u0131&#8217;nda Rusya Federasyonu bayra\u011f\u0131n\u0131 kald\u0131rd\u0131. Halihaz\u0131rdaki Rus bayra\u011f\u0131 30 y\u0131l \u00f6nce 1 Kas\u0131m 1991&#8217;de onaylanm\u0131\u015f ve 20 A\u011fustos 1994&#8217;te &hellip;<\/p>\n","protected":false},"author":1,"featured_media":261055,"comment_status":"closed","ping_status":"closed","sticky":false,"template":"","format":"standard","meta":{"footnotes":""},"categories":[479,17988,478],"tags":[],"class_list":["post-261054","post","type-post","status-publish","format-standard","has-post-thumbnail","","category-haberler-yerel","category-son-haberler","category-yerel"],"_links":{"self":[{"href":"https:\/\/archive.sana.sy\/tr\/index.php?rest_route=\/wp\/v2\/posts\/261054","targetHints":{"allow":["GET"]}}],"collection":[{"href":"https:\/\/archive.sana.sy\/tr\/index.php?rest_route=\/wp\/v2\/posts"}],"about":[{"href":"https:\/\/archive.sana.sy\/tr\/index.php?rest_route=\/wp\/v2\/types\/post"}],"author":[{"embeddable":true,"href":"https:\/\/archive.sana.sy\/tr\/index.php?rest_route=\/wp\/v2\/users\/1"}],"replies":[{"embeddable":true,"href":"https:\/\/archive.sana.sy\/tr\/index.php?rest_route=%2Fwp%2Fv2%2Fcomments&post=261054"}],"version-history":[{"count":0,"href":"https:\/\/archive.sana.sy\/tr\/index.php?rest_route=\/wp\/v2\/posts\/261054\/revisions"}],"wp:featuredmedia":[{"embeddable":true,"href":"https:\/\/archive.sana.sy\/tr\/index.php?rest_route=\/wp\/v2\/media\/261055"}],"wp:attachment":[{"href":"https:\/\/archive.sana.sy\/tr\/index.php?rest_route=%2Fwp%2Fv2%2Fmedia&parent=261054"}],"wp:term":[{"taxonomy":"category","embeddable":true,"href":"https:\/\/archive.sana.sy\/tr\/index.php?rest_route=%2Fwp%2Fv2%2Fcategories&post=261054"},{"taxonomy":"post_tag","embeddable":true,"href":"https:\/\/archive.sana.sy\/tr\/index.php?rest_route=%2Fwp%2Fv2%2Ftags&post=261054"}],"curies":[{"name":"wp","href":"https:\/\/api.w.org\/{rel}","templated":true}]}}