{"id":261057,"date":"2022-08-22T12:59:01","date_gmt":"2022-08-22T09:59:01","guid":{"rendered":"http:\/\/107.6.182.27\/tr\/?p=261057"},"modified":"2022-08-24T08:14:58","modified_gmt":"2022-08-24T05:14:58","slug":"kenani-suriye-tum-dunyaya-krizi-asma-ve-yeniden-kalkinmaya-kadir-oldugunu-ispat-etti","status":"publish","type":"post","link":"https:\/\/archive.sana.sy\/tr\/?p=261057","title":{"rendered":"Kenani: Suriye T\u00fcm D\u00fcnyaya Krizi A\u015fma Ve Yeniden Kalk\u0131nmaya Kadir Oldu\u011funu \u0130spat Etti"},"content":{"rendered":"<p style=\"text-align: justify;\">TAHRAN &#8211; \u0130ran D\u0131\u015fi\u015fleri Bakanl\u0131\u011f\u0131, Suriye&#8217;nin ge\u00e7ti\u011fimiz y\u0131llarda tan\u0131k oldu\u011fu olaylar\u0131n Bat\u0131&#8217;n\u0131n i\u00e7i\u015flerine m\u00fcdahalesinin ve kendi topraklar\u0131nda ter\u00f6re verdi\u011fi deste\u011fin sonucu oldu\u011funu bir kez daha yineledi.<\/p>\n<p style=\"text-align: justify;\">\u0130ran D\u0131\u015fi\u015fleri Bakanl\u0131\u011f\u0131 S\u00f6zc\u00fcs\u00fc Nas\u0131r Kenani, haftal\u0131k bas\u0131n toplant\u0131s\u0131nda, Suriye&#8217;nin ter\u00f6re kar\u015f\u0131 galip geldi\u011fini ve krizi, halk\u0131n\u0131n kararl\u0131l\u0131\u011f\u0131 ve ordusunun kahramanl\u0131\u011f\u0131 sayesinde a\u015ft\u0131\u011f\u0131n\u0131 belirtti.<\/p>\n<p style=\"text-align: justify;\">Kenani, Suriye&#8217;nin ba\u015fta ekonomik olmak \u00fczere her alanda yeniden y\u00fckselebilece\u011fini t\u00fcm d\u00fcnyaya kan\u0131tlad\u0131\u011f\u0131n\u0131 belirterek, iki \u00fclke aras\u0131ndaki derinli\u011fe ve kadim ili\u015fkilerle bunlar\u0131 g\u00fc\u00e7lendirme ihtiyac\u0131na i\u015faret etti.<\/p>\n<p style=\"text-align: justify;\">\u00d6te yandan n\u00fckleer dosyayla ilgili olarak Kenani, \u00fclkesinin y\u0131prat\u0131c\u0131 m\u00fczakereleri kabul etmeyece\u011fini, k\u0131rm\u0131z\u0131 \u00e7izgilerinden ve halk\u0131n\u0131n y\u00fcksek \u00e7\u0131karlar\u0131ndan vazge\u00e7meyece\u011fini vurgulayarak, Amerika&#8217;n\u0131n bir erteleme politikas\u0131 izledi\u011fine dikkat \u00e7ekti.<\/p>\n<p><a class=\"qi72231t nu7423ey n3hqoq4p r86q59rh b3qcqh3k fq87ekyn bdao358l fsf7x5fv rse6dlih s5oniofx m8h3af8h l7ghb35v kjdc1dyq kmwttqpk srn514ro oxkhqvkx rl78xhln nch0832m cr00lzj9 rn8ck1ys s3jn8y49 icdlwmnq cxfqmxzd d1w2l3lo tes86rjd\" tabindex=\"0\" role=\"link\" href=\"https:\/\/www.facebook.com\/hashtag\/telegram_kanal%C4%B1m%C4%B1z?__eep__=6&amp;__cft__[0]=AZWS8GNyYL1CABCM20ktNQKTiXT78J1voWFWAZtXhmuzA36Yv5t3nrSq1mgUhITVG3azmW9ny6ph2IH-A_0QUOSPmbktqPKJD93uHifPKVs7pO5lq_xSj003-Rr_XHx_6bU&amp;__tn__=*NK-R\">#Telegram_Kanal\u0131m\u0131z<\/a>:\u00a0<a class=\"qi72231t nu7423ey n3hqoq4p r86q59rh b3qcqh3k fq87ekyn bdao358l fsf7x5fv rse6dlih s5oniofx m8h3af8h l7ghb35v kjdc1dyq kmwttqpk srn514ro oxkhqvkx rl78xhln nch0832m cr00lzj9 rn8ck1ys s3jn8y49 icdlwmnq cxfqmxzd ezidihy3\" tabindex=\"0\" role=\"link\" href=\"https:\/\/t.me\/SuriyeArapHaberAjans?fbclid=IwAR3GFtFBc5FyTTv89LyMEMTk7MS47voaX5g5dBmoxO7hjHa3bJrmvFXQ_YM\" target=\"_blank\" rel=\"nofollow noopener\">https:\/\/t.me\/SuriyeArapHaberAjans<\/a><\/p>\n","protected":false},"excerpt":{"rendered":"<p>TAHRAN &#8211; \u0130ran D\u0131\u015fi\u015fleri Bakanl\u0131\u011f\u0131, Suriye&#8217;nin ge\u00e7ti\u011fimiz y\u0131llarda tan\u0131k oldu\u011fu olaylar\u0131n Bat\u0131&#8217;n\u0131n i\u00e7i\u015flerine m\u00fcdahalesinin ve kendi topraklar\u0131nda ter\u00f6re verdi\u011fi deste\u011fin sonucu oldu\u011funu bir kez daha yineledi. \u0130ran D\u0131\u015fi\u015fleri Bakanl\u0131\u011f\u0131 S\u00f6zc\u00fcs\u00fc Nas\u0131r Kenani, haftal\u0131k bas\u0131n toplant\u0131s\u0131nda, Suriye&#8217;nin ter\u00f6re kar\u015f\u0131 galip geldi\u011fini ve krizi, halk\u0131n\u0131n kararl\u0131l\u0131\u011f\u0131 ve ordusunun kahramanl\u0131\u011f\u0131 sayesinde a\u015ft\u0131\u011f\u0131n\u0131 belirtti. Kenani, Suriye&#8217;nin ba\u015fta ekonomik olmak &hellip;<\/p>\n","protected":false},"author":1,"featured_media":261058,"comment_status":"closed","ping_status":"closed","sticky":false,"template":"","format":"standard","meta":{"footnotes":""},"categories":[458,459,17988],"tags":[],"class_list":["post-261057","post","type-post","status-publish","format-standard","has-post-thumbnail","","category-dunya1","category-haberler-arap-uluslararasi-politika","category-son-haberler"],"_links":{"self":[{"href":"https:\/\/archive.sana.sy\/tr\/index.php?rest_route=\/wp\/v2\/posts\/261057","targetHints":{"allow":["GET"]}}],"collection":[{"href":"https:\/\/archive.sana.sy\/tr\/index.php?rest_route=\/wp\/v2\/posts"}],"about":[{"href":"https:\/\/archive.sana.sy\/tr\/index.php?rest_route=\/wp\/v2\/types\/post"}],"author":[{"embeddable":true,"href":"https:\/\/archive.sana.sy\/tr\/index.php?rest_route=\/wp\/v2\/users\/1"}],"replies":[{"embeddable":true,"href":"https:\/\/archive.sana.sy\/tr\/index.php?rest_route=%2Fwp%2Fv2%2Fcomments&post=261057"}],"version-history":[{"count":0,"href":"https:\/\/archive.sana.sy\/tr\/index.php?rest_route=\/wp\/v2\/posts\/261057\/revisions"}],"wp:featuredmedia":[{"embeddable":true,"href":"https:\/\/archive.sana.sy\/tr\/index.php?rest_route=\/wp\/v2\/media\/261058"}],"wp:attachment":[{"href":"https:\/\/archive.sana.sy\/tr\/index.php?rest_route=%2Fwp%2Fv2%2Fmedia&parent=261057"}],"wp:term":[{"taxonomy":"category","embeddable":true,"href":"https:\/\/archive.sana.sy\/tr\/index.php?rest_route=%2Fwp%2Fv2%2Fcategories&post=261057"},{"taxonomy":"post_tag","embeddable":true,"href":"https:\/\/archive.sana.sy\/tr\/index.php?rest_route=%2Fwp%2Fv2%2Ftags&post=261057"}],"curies":[{"name":"wp","href":"https:\/\/api.w.org\/{rel}","templated":true}]}}