{"id":261072,"date":"2022-08-22T23:38:23","date_gmt":"2022-08-22T20:38:23","guid":{"rendered":"http:\/\/107.6.182.27\/tr\/?p=261072"},"modified":"2022-08-24T08:15:25","modified_gmt":"2022-08-24T05:15:25","slug":"enformasyon-bakani-ina-ogrencilerine-geleneksel-medya-kavrami-degisti-ve-bugun-bir-silah-haline-geldi","status":"publish","type":"post","link":"https:\/\/archive.sana.sy\/tr\/?p=261072","title":{"rendered":"Enformasyon Bakan\u0131 (INA) \u00d6\u011frencilerine: Geleneksel Medya Kavram\u0131 De\u011fi\u015fti Ve Bug\u00fcn Bir Silah Haline Geldi"},"content":{"rendered":"<p style=\"text-align: justify;\">\u015eAM &#8211; Enformasyon Bakan\u0131 Dr. Butros Al Hallak, geleneksel medya kavram\u0131n\u0131n de\u011fi\u015fti\u011fini ve g\u00fcn\u00fcm\u00fczde bir silah haline geldi\u011fini belirtti.<\/p>\n<p style=\"text-align: justify;\">Bakan Al Hallak, Ulusal Kamu Y\u00f6netimi Enstit\u00fcs\u00fc \u201cINA\u201dda \u201cMedya Y\u00f6netimi ve Medya Becerileri\u201d ba\u015fl\u0131kl\u0131 bir konferansta \u015funlar\u0131 s\u00f6yledi: &#8220;Medyada sahip oldu\u011fumuz alan kendimizi savunmam\u0131z i\u00e7in yeterli ancak medya kurulu\u015flar\u0131n\u0131n i\u00e7eri\u011fini performans ve i\u00e7erik a\u00e7\u0131s\u0131ndan de\u011ferlendirmeleri gerekiyor&#8221; dedi.<\/p>\n<p style=\"text-align: justify;\">Bakan Al Hallak, akademisyenin bilimsel d\u00fc\u015f\u00fcnen ve sahip oldu\u011fu sertifikalarla s\u0131n\u0131rl\u0131 kalmayan sistemli bir insan oldu\u011funa dikkat \u00e7ekerek, e\u011fitim ile i\u015f aras\u0131nda b\u00fcy\u00fck bir sorun, devlet memuru ile ger\u00e7eklik aras\u0131nda bir u\u00e7urum oldu\u011funa i\u015faret etti.<\/p>\n<p style=\"text-align: justify;\">Enstit\u00fc \u00f6\u011frencileri, ekonomik ve sosyal sorunlara \u0131\u015f\u0131k tutan baz\u0131 programlara ili\u015fkin \u00f6nerilerini sunarak, Enformasyon Bakanl\u0131\u011f\u0131&#8217;n\u0131 toplumsal fark\u0131ndal\u0131\u011f\u0131n art\u0131r\u0131lmas\u0131nda etkili ortaklar olmak i\u00e7in d\u00fczenlenen medya kurslar\u0131na dahil etmeye \u00e7a\u011f\u0131rd\u0131.<\/p>\n<p><a class=\"qi72231t nu7423ey n3hqoq4p r86q59rh b3qcqh3k fq87ekyn bdao358l fsf7x5fv rse6dlih s5oniofx m8h3af8h l7ghb35v kjdc1dyq kmwttqpk srn514ro oxkhqvkx rl78xhln nch0832m cr00lzj9 rn8ck1ys s3jn8y49 icdlwmnq cxfqmxzd d1w2l3lo tes86rjd\" tabindex=\"0\" role=\"link\" href=\"https:\/\/www.facebook.com\/hashtag\/telegram_kanal%C4%B1m%C4%B1z?__eep__=6&amp;__cft__[0]=AZWS8GNyYL1CABCM20ktNQKTiXT78J1voWFWAZtXhmuzA36Yv5t3nrSq1mgUhITVG3azmW9ny6ph2IH-A_0QUOSPmbktqPKJD93uHifPKVs7pO5lq_xSj003-Rr_XHx_6bU&amp;__tn__=*NK-R\">#Telegram_Kanal\u0131m\u0131z<\/a>:\u00a0<a class=\"qi72231t nu7423ey n3hqoq4p r86q59rh b3qcqh3k fq87ekyn bdao358l fsf7x5fv rse6dlih s5oniofx m8h3af8h l7ghb35v kjdc1dyq kmwttqpk srn514ro oxkhqvkx rl78xhln nch0832m cr00lzj9 rn8ck1ys s3jn8y49 icdlwmnq cxfqmxzd ezidihy3\" tabindex=\"0\" role=\"link\" href=\"https:\/\/t.me\/SuriyeArapHaberAjans?fbclid=IwAR3GFtFBc5FyTTv89LyMEMTk7MS47voaX5g5dBmoxO7hjHa3bJrmvFXQ_YM\" target=\"_blank\" rel=\"nofollow noopener\">https:\/\/t.me\/SuriyeArapHaberAjans<\/a><\/p>\n","protected":false},"excerpt":{"rendered":"<p>\u015eAM &#8211; Enformasyon Bakan\u0131 Dr. Butros Al Hallak, geleneksel medya kavram\u0131n\u0131n de\u011fi\u015fti\u011fini ve g\u00fcn\u00fcm\u00fczde bir silah haline geldi\u011fini belirtti. Bakan Al Hallak, Ulusal Kamu Y\u00f6netimi Enstit\u00fcs\u00fc \u201cINA\u201dda \u201cMedya Y\u00f6netimi ve Medya Becerileri\u201d ba\u015fl\u0131kl\u0131 bir konferansta \u015funlar\u0131 s\u00f6yledi: &#8220;Medyada sahip oldu\u011fumuz alan kendimizi savunmam\u0131z i\u00e7in yeterli ancak medya kurulu\u015flar\u0131n\u0131n i\u00e7eri\u011fini performans ve i\u00e7erik a\u00e7\u0131s\u0131ndan de\u011ferlendirmeleri gerekiyor&#8221; &hellip;<\/p>\n","protected":false},"author":1,"featured_media":261073,"comment_status":"closed","ping_status":"closed","sticky":false,"template":"","format":"standard","meta":{"footnotes":""},"categories":[479,17988,478],"tags":[],"class_list":["post-261072","post","type-post","status-publish","format-standard","has-post-thumbnail","","category-haberler-yerel","category-son-haberler","category-yerel"],"_links":{"self":[{"href":"https:\/\/archive.sana.sy\/tr\/index.php?rest_route=\/wp\/v2\/posts\/261072","targetHints":{"allow":["GET"]}}],"collection":[{"href":"https:\/\/archive.sana.sy\/tr\/index.php?rest_route=\/wp\/v2\/posts"}],"about":[{"href":"https:\/\/archive.sana.sy\/tr\/index.php?rest_route=\/wp\/v2\/types\/post"}],"author":[{"embeddable":true,"href":"https:\/\/archive.sana.sy\/tr\/index.php?rest_route=\/wp\/v2\/users\/1"}],"replies":[{"embeddable":true,"href":"https:\/\/archive.sana.sy\/tr\/index.php?rest_route=%2Fwp%2Fv2%2Fcomments&post=261072"}],"version-history":[{"count":0,"href":"https:\/\/archive.sana.sy\/tr\/index.php?rest_route=\/wp\/v2\/posts\/261072\/revisions"}],"wp:featuredmedia":[{"embeddable":true,"href":"https:\/\/archive.sana.sy\/tr\/index.php?rest_route=\/wp\/v2\/media\/261073"}],"wp:attachment":[{"href":"https:\/\/archive.sana.sy\/tr\/index.php?rest_route=%2Fwp%2Fv2%2Fmedia&parent=261072"}],"wp:term":[{"taxonomy":"category","embeddable":true,"href":"https:\/\/archive.sana.sy\/tr\/index.php?rest_route=%2Fwp%2Fv2%2Fcategories&post=261072"},{"taxonomy":"post_tag","embeddable":true,"href":"https:\/\/archive.sana.sy\/tr\/index.php?rest_route=%2Fwp%2Fv2%2Ftags&post=261072"}],"curies":[{"name":"wp","href":"https:\/\/api.w.org\/{rel}","templated":true}]}}