{"id":261075,"date":"2022-08-22T23:40:44","date_gmt":"2022-08-22T20:40:44","guid":{"rendered":"http:\/\/107.6.182.27\/tr\/?p=261075"},"modified":"2022-08-28T10:48:02","modified_gmt":"2022-08-28T07:48:02","slug":"kultur-bakani-gassan-rahbaniyi-kabulunde-rahbanilerin-sunduklari-arap-muzigi-tarihinde-donum-noktasidir","status":"publish","type":"post","link":"https:\/\/archive.sana.sy\/tr\/?p=261075","title":{"rendered":"K\u00fclt\u00fcr Bakan\u0131 Gassan Rahbani&#8217;yi Kabul\u00fcnde: Rahbanilerin Sunduklar\u0131 Arap M\u00fczi\u011fi Tarihinde D\u00f6n\u00fcm Noktas\u0131d\u0131r"},"content":{"rendered":"<p style=\"text-align: justify;\">\u015eAM &#8211; K\u00fclt\u00fcr Bakan\u0131 Dr. Lubana Mu\u015favvah, bug\u00fcn L\u00fcbnanl\u0131 sanat\u00e7\u0131 Gassan Rahbani&#8217;yi kabul\u00fc s\u0131ras\u0131nda, Rahbanilerin sundu\u011fu sanatsal miras\u0131n \u00f6nemini ve Suriyelilerin kalbinde b\u0131rakt\u0131klar\u0131 b\u00fcy\u00fck etkiyi belirterek, zengin sanatlar\u0131n\u0131n, Arap m\u00fczi\u011fi tarihinde \u00f6nemli bir d\u00f6n\u00fcm noktas\u0131n\u0131n olu\u015fmas\u0131na katk\u0131da bulundu\u011funa ve onunla birlikte d\u00fcnyaya yay\u0131ld\u0131\u011f\u0131na i\u015faret etti.<\/p>\n<p style=\"text-align: justify;\">K\u00fclt\u00fcr Bakanl\u0131\u011f\u0131&#8217;ndaki kabul\u00fc s\u0131ras\u0131nda Dr. Mu\u015favvah, b\u00fcy\u00fck m\u00fcz\u00fck adam\u0131 \u0130lyas Rahbani&#8217;nin sunduklar\u0131yla, Arap ve uluslararas\u0131 m\u00fczik k\u00fct\u00fcphanelerine kazan\u00e7 sa\u011flayan b\u00fcy\u00fck Arap sanat\u00e7\u0131lar\u0131n\u0131n arkalar\u0131nda<\/p>\n<p style=\"text-align: justify;\">Toplant\u0131ya Dar Al Esad K\u00fclt\u00fcr ve Sanat Genel M\u00fcd\u00fcr\u00fc Maestro Andre Maalouli, Tiyatro ve M\u00fczik Direkt\u00f6r\u00fc \u0130mad Cellul ve Y\u00fcksek M\u00fczik Enstit\u00fcs\u00fc Dekan\u0131 Maestro Adnan Fathallah kat\u0131ld\u0131.<\/p>\n<p><a class=\"qi72231t nu7423ey n3hqoq4p r86q59rh b3qcqh3k fq87ekyn bdao358l fsf7x5fv rse6dlih s5oniofx m8h3af8h l7ghb35v kjdc1dyq kmwttqpk srn514ro oxkhqvkx rl78xhln nch0832m cr00lzj9 rn8ck1ys s3jn8y49 icdlwmnq cxfqmxzd d1w2l3lo tes86rjd\" tabindex=\"0\" role=\"link\" href=\"https:\/\/www.facebook.com\/hashtag\/telegram_kanal%C4%B1m%C4%B1z?__eep__=6&amp;__cft__[0]=AZWS8GNyYL1CABCM20ktNQKTiXT78J1voWFWAZtXhmuzA36Yv5t3nrSq1mgUhITVG3azmW9ny6ph2IH-A_0QUOSPmbktqPKJD93uHifPKVs7pO5lq_xSj003-Rr_XHx_6bU&amp;__tn__=*NK-R\">#Telegram_Kanal\u0131m\u0131z<\/a>:\u00a0<a class=\"qi72231t nu7423ey n3hqoq4p r86q59rh b3qcqh3k fq87ekyn bdao358l fsf7x5fv rse6dlih s5oniofx m8h3af8h l7ghb35v kjdc1dyq kmwttqpk srn514ro oxkhqvkx rl78xhln nch0832m cr00lzj9 rn8ck1ys s3jn8y49 icdlwmnq cxfqmxzd ezidihy3\" tabindex=\"0\" role=\"link\" href=\"https:\/\/t.me\/SuriyeArapHaberAjans?fbclid=IwAR3GFtFBc5FyTTv89LyMEMTk7MS47voaX5g5dBmoxO7hjHa3bJrmvFXQ_YM\" target=\"_blank\" rel=\"nofollow noopener\">https:\/\/t.me\/SuriyeArapHaberAjans<\/a><\/p>\n","protected":false},"excerpt":{"rendered":"<p>\u015eAM &#8211; K\u00fclt\u00fcr Bakan\u0131 Dr. Lubana Mu\u015favvah, bug\u00fcn L\u00fcbnanl\u0131 sanat\u00e7\u0131 Gassan Rahbani&#8217;yi kabul\u00fc s\u0131ras\u0131nda, Rahbanilerin sundu\u011fu sanatsal miras\u0131n \u00f6nemini ve Suriyelilerin kalbinde b\u0131rakt\u0131klar\u0131 b\u00fcy\u00fck etkiyi belirterek, zengin sanatlar\u0131n\u0131n, Arap m\u00fczi\u011fi tarihinde \u00f6nemli bir d\u00f6n\u00fcm noktas\u0131n\u0131n olu\u015fmas\u0131na katk\u0131da bulundu\u011funa ve onunla birlikte d\u00fcnyaya yay\u0131ld\u0131\u011f\u0131na i\u015faret etti. K\u00fclt\u00fcr Bakanl\u0131\u011f\u0131&#8217;ndaki kabul\u00fc s\u0131ras\u0131nda Dr. Mu\u015favvah, b\u00fcy\u00fck m\u00fcz\u00fck adam\u0131 \u0130lyas &hellip;<\/p>\n","protected":false},"author":1,"featured_media":261076,"comment_status":"closed","ping_status":"closed","sticky":false,"template":"","format":"standard","meta":{"footnotes":""},"categories":[516,479,511,17988,478],"tags":[],"class_list":["post-261075","post","type-post","status-publish","format-standard","has-post-thumbnail","","category-haberler-kultur-ve-sanat","category-haberler-yerel","category-kultur-ve-sanat","category-son-haberler","category-yerel"],"_links":{"self":[{"href":"https:\/\/archive.sana.sy\/tr\/index.php?rest_route=\/wp\/v2\/posts\/261075","targetHints":{"allow":["GET"]}}],"collection":[{"href":"https:\/\/archive.sana.sy\/tr\/index.php?rest_route=\/wp\/v2\/posts"}],"about":[{"href":"https:\/\/archive.sana.sy\/tr\/index.php?rest_route=\/wp\/v2\/types\/post"}],"author":[{"embeddable":true,"href":"https:\/\/archive.sana.sy\/tr\/index.php?rest_route=\/wp\/v2\/users\/1"}],"replies":[{"embeddable":true,"href":"https:\/\/archive.sana.sy\/tr\/index.php?rest_route=%2Fwp%2Fv2%2Fcomments&post=261075"}],"version-history":[{"count":0,"href":"https:\/\/archive.sana.sy\/tr\/index.php?rest_route=\/wp\/v2\/posts\/261075\/revisions"}],"wp:featuredmedia":[{"embeddable":true,"href":"https:\/\/archive.sana.sy\/tr\/index.php?rest_route=\/wp\/v2\/media\/261076"}],"wp:attachment":[{"href":"https:\/\/archive.sana.sy\/tr\/index.php?rest_route=%2Fwp%2Fv2%2Fmedia&parent=261075"}],"wp:term":[{"taxonomy":"category","embeddable":true,"href":"https:\/\/archive.sana.sy\/tr\/index.php?rest_route=%2Fwp%2Fv2%2Fcategories&post=261075"},{"taxonomy":"post_tag","embeddable":true,"href":"https:\/\/archive.sana.sy\/tr\/index.php?rest_route=%2Fwp%2Fv2%2Ftags&post=261075"}],"curies":[{"name":"wp","href":"https:\/\/api.w.org\/{rel}","templated":true}]}}